{"id":257624,"date":"2026-08-21T16:27:06","date_gmt":"2026-08-21T16:27:06","guid":{"rendered":"https:\/\/www.europesays.com\/ee\/257624\/"},"modified":"2026-08-21T16:27:06","modified_gmt":"2026-08-21T16:27:06","slug":"venemaa-kodakondsusest-loobumine-on-varasemast-kordades-kallim-eesti","status":"publish","type":"post","link":"https:\/\/www.europesays.com\/ee\/257624\/","title":{"rendered":"Venemaa kodakondsusest loobumine on varasemast kordades kallim | Eesti"},"content":{"rendered":"<p>Venemaa kodakondsusest loobumine on alates augustist varasemast kordades kallim. Siseminister Igor Taro s\u00f5nul on praegu vara hinnata, kas hinnat\u00f5us hakkab ka taotlejate arvu v\u00e4hendama.<\/p>\n<p>Senine Venemaa kodanik Andrei Mala\u0161kin alustas Eesti kodakondsuse taotlemist 2022. aastal. Kogu protsess kestis tema s\u00f5nul ligi kolm ja pool aastat ning l\u00f5ppes alles mullu.<\/p>\n<p>&#8220;Selles momendis, kui s\u00f5da algas, ma hakkasin m\u00f5tlema, et Vene kodakondsus ei ole enam mugav mulle,&#8221; \u00fctles Mala\u0161kin.<\/p>\n<p>K\u00f5ige rohkem aega v\u00f5ttis Mala\u0161kini s\u00f5nul Vene kodakondsusest loobumine.<\/p>\n<p>&#8220;Ma m\u00e4letan, et ma olin Vene konsulaadi j\u00e4rjekorras mingi neli kuud j\u00e4rjekorras. Siis ma tulin ja mul olid dokumendid-t\u00f5endid, mis on aegunud, siis ma pidin j\u00e4lle j\u00e4rjekorda minema ja veel kord (kulus) mingi kolm kuud,&#8221; lausus Mala\u0161kin.<\/p>\n<p>Toona l\u00e4ks Vene kodakondsusest loobumine talle maksma veidi \u00fcle 300 euro. Alates selle aasta augustist tuleb Eestis sama menetluse eest tasuda juba 2376 eurot.<\/p>\n<p>&#8220;Ma olen sellest kuulnud, ma ei uskunud, et see on t\u00f5si. Inimesed ei saa nii palju raha kulutada dokumendi jaoks,&#8221; \u00fctles Mala\u0161kin.<\/p>\n<p>Siseminister Igor Taro s\u00f5nul on kallinemise taga Venemaa keeruline olukord.<\/p>\n<p>&#8220;Ma arvan, et Venemaal ei ole raha oma v\u00e4lisesinduste \u00fclalpidamiseks. Teiseks, t\u00f5en\u00e4oliselt on kodakondsusest loobujate arv suurenenud, nad ei suuda oma personaliga seda h\u00e4sti hallata. Inim\u00f5iguste \u00fclddeklaratsiooni j\u00e4rgi ei tohi keegi v\u00f5tta tarvitusele meetmed, et takistada inimeste kodakondsusest loobumist. Kui vaadata seda \u00fcldp\u00f5him\u00f5tet, siis mingil m\u00e4\u00e4ral Venemaa seda \u00fclddeklaratsiooni praegu rikub,&#8221; lausus Taro.<\/p>\n<p>Taro s\u00f5nul on veel vara hinnata, kas k\u00f5rge hind v\u00e4hendab taotlejate arvu.<\/p>\n<p>&#8220;Paraku, mis puudutab Venemaa riigil\u00f5ivusid, Eesti riik ei saa midagi sellega teha. See summa on muidugi suur, aga kui inimesel on ikkagi suur vajadus sellest kodakondsusest loobuda, ma arvan, et see summa on leitav,&#8221; \u00fctles Taro.<\/p>\n<p>Eesti kodakondsuse vastu on Vene kodanike huvi p\u00fcsinud viimastel aastatel k\u00f5rge. Politsei- ja piirivalveametile esitati eelmisel aastal 465 taotlust. Selle aasta juuli seisuga on esitatud 217 taotlust.<\/p>\n","protected":false},"excerpt":{"rendered":"Venemaa kodakondsusest loobumine on alates augustist varasemast kordades kallim. Siseminister Igor Taro s\u00f5nul on praegu vara hinnata, kas&hellip;\n","protected":false},"author":2,"featured_media":257625,"comment_status":"","ping_status":"","sticky":false,"template":"","format":"standard","meta":{"footnotes":"","_share_on_mastodon":"0"},"categories":[12],"tags":[26,27,37,33,35,34,36,31,32,21,614,3505,28,29,19,25,23,24,22,20,96,30],"class_list":["post-257624","post","type-post","status-publish","format-standard","has-post-thumbnail","category-eesti","tag-breaking-news","tag-breakingnews","tag-ee","tag-eesti","tag-eesti-keel","tag-estonia","tag-estonian","tag-featured-news","tag-featurednews","tag-headlines","tag-igor-taro","tag-kodakondsus","tag-latest-news","tag-latestnews","tag-news","tag-populaarseimad-lood","tag-top-stories","tag-topstories","tag-uldised-uudised","tag-uudised","tag-venemaa","tag-viimased-uudised"],"share_on_mastodon":{"url":"https:\/\/pubeurope.com\/@ee\/117134442110414735","error":""},"_links":{"self":[{"href":"https:\/\/www.europesays.com\/ee\/wp-json\/wp\/v2\/posts\/257624","targetHints":{"allow":["GET"]}}],"collection":[{"href":"https:\/\/www.europesays.com\/ee\/wp-json\/wp\/v2\/posts"}],"about":[{"href":"https:\/\/www.europesays.com\/ee\/wp-json\/wp\/v2\/types\/post"}],"author":[{"embeddable":true,"href":"https:\/\/www.europesays.com\/ee\/wp-json\/wp\/v2\/users\/2"}],"replies":[{"embeddable":true,"href":"https:\/\/www.europesays.com\/ee\/wp-json\/wp\/v2\/comments?post=257624"}],"version-history":[{"count":0,"href":"https:\/\/www.europesays.com\/ee\/wp-json\/wp\/v2\/posts\/257624\/revisions"}],"wp:featuredmedia":[{"embeddable":true,"href":"https:\/\/www.europesays.com\/ee\/wp-json\/wp\/v2\/media\/257625"}],"wp:attachment":[{"href":"https:\/\/www.europesays.com\/ee\/wp-json\/wp\/v2\/media?parent=257624"}],"wp:term":[{"taxonomy":"category","embeddable":true,"href":"https:\/\/www.europesays.com\/ee\/wp-json\/wp\/v2\/categories?post=257624"},{"taxonomy":"post_tag","embeddable":true,"href":"https:\/\/www.europesays.com\/ee\/wp-json\/wp\/v2\/tags?post=257624"}],"curies":[{"name":"wp","href":"https:\/\/api.w.org\/{rel}","templated":true}]}}