{"id":257630,"date":"2026-08-21T16:35:15","date_gmt":"2026-08-21T16:35:15","guid":{"rendered":"https:\/\/www.europesays.com\/ee\/257630\/"},"modified":"2026-08-21T16:35:15","modified_gmt":"2026-08-21T16:35:15","slug":"russell-laheb-sprindis-teele-parimalt-positsioonilt-vormelisport","status":"publish","type":"post","link":"https:\/\/www.europesays.com\/ee\/257630\/","title":{"rendered":"Russell l\u00e4heb sprindis teele parimalt positsioonilt | Vormelisport"},"content":{"rendered":"<p>Vormel-1 maailmameistriv\u00f5istluste etapil Hollandis Zandvoorti ringrajal h\u00f5ivas sprindis\u00f5iduks parima stardi positsiooni britt George Russell (Mercedes; 1.11,567).<\/p>\n<p>Hooaja kolmanda sprindikvalifikatsiooni v\u00f5itnud Russell edestas l\u00e4hemaid konkurente \u00fcsna napilt: teine oli Lando Norris (McLaren; +0,041), kolmas Charles Leclerc (Ferrari; +0,055) ja neljas Oscar Piastri (McLaren; +0,099).<\/p>\n<p>Kodupubliku ees kihutav Max Verstappen (Red Bull) oli paremuselt kuues (+0,527). Teda edestas ka esimesel vabatreeningul k\u00f5ige paremat minekut n\u00e4idanud itaallane Kimi Antonelli (Mercedes; +0,227).<\/p>\n<blockquote class=\"twitter-tweet\">\n<p lang=\"en\" dir=\"ltr\">The starting grid for <a href=\"https:\/\/x.com\/hashtag\/F1Sprint?src=hash&amp;ref_src=twsrc%5Etfw\" rel=\"nofollow\">#F1Sprint<\/a> <a href=\"https:\/\/x.com\/hashtag\/F1?src=hash&amp;ref_src=twsrc%5Etfw\" rel=\"nofollow\">#F1<\/a> <a href=\"https:\/\/x.com\/hashtag\/DutchGP?src=hash&amp;ref_src=twsrc%5Etfw\" rel=\"nofollow\">#DutchGP<\/a> <a href=\"https:\/\/t.co\/LXkefc75gv\" rel=\"nofollow\">pic.twitter.com\/LXkefc75gv<\/a><\/p>\n<p>\u2014 Formula 1 (@F1) <a href=\"https:\/\/x.com\/F1\/status\/2090824359711486238?ref_src=twsrc%5Etfw\" rel=\"nofollow\">August 21, 2026<\/a><\/p><\/blockquote>\n<p>Laup\u00e4eval on Zandvoortis kavas sprint, kus punkte teenivad kaheksa esimest, ja kvalifikatsioon p\u00fchap\u00e4evaseks p\u00f5his\u00f5iduks.<\/p>\n<p>Sel n\u00e4dalal saab pool F1 hooaega l\u00e4bi, kuna tegemist on 12. etapiga ja ees ootab veel 11 etappi. Hetkel juhib sarja 219 punkti kogunud Antonelli, kes edestab paremuselt teist ehk Lewis Hamiltoni (Ferrari) t\u00e4pselt poolesaja punktiga.<\/p>\n<p><script async src=\"https:\/\/platform.twitter.com\/widgets.js\" charset=\"utf-8\"><\/script><\/p>\n","protected":false},"excerpt":{"rendered":"Vormel-1 maailmameistriv\u00f5istluste etapil Hollandis Zandvoorti ringrajal h\u00f5ivas sprindis\u00f5iduks parima stardi positsiooni britt George Russell (Mercedes; 1.11,567). Hooaja kolmanda&hellip;\n","protected":false},"author":2,"featured_media":257631,"comment_status":"","ping_status":"","sticky":false,"template":"","format":"standard","meta":{"footnotes":"","_share_on_mastodon":"0"},"categories":[18],"tags":[37,33,35,34,36,1956,100453,159,158],"class_list":["post-257630","post","type-post","status-publish","format-standard","has-post-thumbnail","category-sport","tag-ee","tag-eesti","tag-eesti-keel","tag-estonia","tag-estonian","tag-george-russell","tag-hollandi-gp","tag-sport","tag-sports"],"share_on_mastodon":{"url":"https:\/\/pubeurope.com\/@ee\/117134473629949646","error":""},"_links":{"self":[{"href":"https:\/\/www.europesays.com\/ee\/wp-json\/wp\/v2\/posts\/257630","targetHints":{"allow":["GET"]}}],"collection":[{"href":"https:\/\/www.europesays.com\/ee\/wp-json\/wp\/v2\/posts"}],"about":[{"href":"https:\/\/www.europesays.com\/ee\/wp-json\/wp\/v2\/types\/post"}],"author":[{"embeddable":true,"href":"https:\/\/www.europesays.com\/ee\/wp-json\/wp\/v2\/users\/2"}],"replies":[{"embeddable":true,"href":"https:\/\/www.europesays.com\/ee\/wp-json\/wp\/v2\/comments?post=257630"}],"version-history":[{"count":0,"href":"https:\/\/www.europesays.com\/ee\/wp-json\/wp\/v2\/posts\/257630\/revisions"}],"wp:featuredmedia":[{"embeddable":true,"href":"https:\/\/www.europesays.com\/ee\/wp-json\/wp\/v2\/media\/257631"}],"wp:attachment":[{"href":"https:\/\/www.europesays.com\/ee\/wp-json\/wp\/v2\/media?parent=257630"}],"wp:term":[{"taxonomy":"category","embeddable":true,"href":"https:\/\/www.europesays.com\/ee\/wp-json\/wp\/v2\/categories?post=257630"},{"taxonomy":"post_tag","embeddable":true,"href":"https:\/\/www.europesays.com\/ee\/wp-json\/wp\/v2\/tags?post=257630"}],"curies":[{"name":"wp","href":"https:\/\/api.w.org\/{rel}","templated":true}]}}