{"id":257652,"date":"2026-08-21T16:57:15","date_gmt":"2026-08-21T16:57:15","guid":{"rendered":"https:\/\/www.europesays.com\/ee\/257652\/"},"modified":"2026-08-21T16:57:15","modified_gmt":"2026-08-21T16:57:15","slug":"paide-taiendas-rundeliini-22-aastase-gambialasega-soccernet-ee","status":"publish","type":"post","link":"https:\/\/www.europesays.com\/ee\/257652\/","title":{"rendered":"Paide t\u00e4iendas r\u00fcndeliini 22-aastase gambialasega &#8211; Soccernet.ee"},"content":{"rendered":"<p><img decoding=\"async\" src=\"https:\/\/www.europesays.com\/ee\/wp-content\/uploads\/2026\/08\/1787323690.jpg\" alt=\"Dawda Darboe. Foto: Paide Linnameeskond\"\/>&#13;\n<\/p>\n<p>Paide Linnameeskonnaga liitus 22-aastane Gambia r\u00fcndaja Dawda Darboe, kes s\u00f5lmis klubiga kaheaastase lepingu.<\/p>\n<p>T\u00e4navu veebruaris Slovakkia esiliigaklubi Zlate Moravce ViOniga liitunud Darboe sai sealse meeskonna s\u00e4rgis kirja 11 kohtumist ja kaks v\u00e4ravat. Enne Euroopasse siirdumist pallis r\u00fcndaja kodumaal Gunjur Unitedi, Wallidan FC ja Fortune FC ridades.&#13;\n<\/p>\n<p>Rahvusvahelist kogemust on Darboel ka Gambia U20 koondisest. 2024. aasta m\u00e4rtsis Accras toimunud Aafrika m\u00e4ngudel esindas ta Gambia noortekoondist kolmes kohtumises ning j\u00f5udis korra ka sihile.&#13;\n<\/p>\n<p>Paide Linnameeskonna spordidirektori Gert Kamsi s\u00f5nul on tegemist m\u00e4ngijaga, keda klubi on j\u00e4lginud juba m\u00f5nda aega. &#8220;Dawda on m\u00e4ngija, keda oleme m\u00f5nda aega j\u00e4lginud. Tegemist on kiire, terava ja t\u00f6\u00f6ka r\u00fcndajaga, kes suudab vajadusel m\u00e4ngida mitmel positsioonil ning annab meie r\u00fcndem\u00e4ngule juurde kiirust ja agressiivsust,&#8221; k\u00f5neles Kams klubi pressiteenistusele.<\/p>\n<p>Uue peat\u00fcki alustamist Paides ootab p\u00f5nevusega ka Darboe ise, kelle jaoks t\u00e4hendab Eestisse siirdumine v\u00f5imalust astuda karj\u00e4\u00e4ris j\u00e4rgmine samm. &#8220;Mul on v\u00e4ga hea meel alustada Paide Linnameeskonnas uut peat\u00fckki. Mind v\u00f5eti klubisse saabudes v\u00e4ga soojalt vastu ning ees ootab p\u00f5nev v\u00e4ljakutse k\u00f5rgemal tasemel, suuremate ootuste ja v\u00f5imalusega m\u00e4ngijana edasi areneda. Paide on andnud enne mind mitmele Gambia jalgpallurile v\u00f5imaluse siin areneda ja oma kvaliteeti n\u00e4idata ning olen uhke, et n\u00fc\u00fcd avaneb sama v\u00f5imalus ka mulle. Olen klubile selle eest v\u00e4ga t\u00e4nulik ja ootan p\u00f5nevusega, et saaksin alustada,&#8221; lausus Darboe.&#13;\n<\/p>\n<p>Paidega on suvises \u00fcleminekuaknas liitunud ka Eesti keskkaitsja Kristofer K\u00e4it ja Kolumbia \u00e4\u00e4rer\u00fcndaja Juan Palacios.<\/p>\n","protected":false},"excerpt":{"rendered":"&#13; Paide Linnameeskonnaga liitus 22-aastane Gambia r\u00fcndaja Dawda Darboe, kes s\u00f5lmis klubiga kaheaastase lepingu. T\u00e4navu veebruaris Slovakkia esiliigaklubi&hellip;\n","protected":false},"author":2,"featured_media":257653,"comment_status":"","ping_status":"","sticky":false,"template":"","format":"standard","meta":{"footnotes":"","_share_on_mastodon":"0"},"categories":[18],"tags":[100465,100466,37,33,35,34,36,837,907,501,167,159,158],"class_list":["post-257652","post","type-post","status-publish","format-standard","has-post-thumbnail","category-sport","tag-darboe","tag-dawda-darboe","tag-ee","tag-eesti","tag-eesti-keel","tag-estonia","tag-estonian","tag-meistriliiga","tag-paide","tag-paide-linnameeskond","tag-premium-liiga","tag-sport","tag-sports"],"share_on_mastodon":{"url":"https:\/\/pubeurope.com\/@ee\/117134560239061629","error":""},"_links":{"self":[{"href":"https:\/\/www.europesays.com\/ee\/wp-json\/wp\/v2\/posts\/257652","targetHints":{"allow":["GET"]}}],"collection":[{"href":"https:\/\/www.europesays.com\/ee\/wp-json\/wp\/v2\/posts"}],"about":[{"href":"https:\/\/www.europesays.com\/ee\/wp-json\/wp\/v2\/types\/post"}],"author":[{"embeddable":true,"href":"https:\/\/www.europesays.com\/ee\/wp-json\/wp\/v2\/users\/2"}],"replies":[{"embeddable":true,"href":"https:\/\/www.europesays.com\/ee\/wp-json\/wp\/v2\/comments?post=257652"}],"version-history":[{"count":0,"href":"https:\/\/www.europesays.com\/ee\/wp-json\/wp\/v2\/posts\/257652\/revisions"}],"wp:featuredmedia":[{"embeddable":true,"href":"https:\/\/www.europesays.com\/ee\/wp-json\/wp\/v2\/media\/257653"}],"wp:attachment":[{"href":"https:\/\/www.europesays.com\/ee\/wp-json\/wp\/v2\/media?parent=257652"}],"wp:term":[{"taxonomy":"category","embeddable":true,"href":"https:\/\/www.europesays.com\/ee\/wp-json\/wp\/v2\/categories?post=257652"},{"taxonomy":"post_tag","embeddable":true,"href":"https:\/\/www.europesays.com\/ee\/wp-json\/wp\/v2\/tags?post=257652"}],"curies":[{"name":"wp","href":"https:\/\/api.w.org\/{rel}","templated":true}]}}