{"id":257670,"date":"2026-08-21T17:21:10","date_gmt":"2026-08-21T17:21:10","guid":{"rendered":"https:\/\/www.europesays.com\/ee\/257670\/"},"modified":"2026-08-21T17:21:10","modified_gmt":"2026-08-21T17:21:10","slug":"lisatud-video-%e2%9f%a9-nagu-amblik-jaaseinal-vaata-kuidas-mehitamata-droon-arktikat-uurib","status":"publish","type":"post","link":"https:\/\/www.europesays.com\/ee\/257670\/","title":{"rendered":"LISATUD VIDEO \u27e9 Nagu \u00e4mblik j\u00e4\u00e4seinal: vaata, kuidas mehitamata droon Arktikat uurib"},"content":{"rendered":"<p>Kanada teadlased katsetavad drooni, mis ei otsi enam siledaid maandumisradasid, vaid haagib end kinni j\u00e4rskudest j\u00e4\u00e4seintest nagu m\u00e4gironija. Mikrohaakidega varustatud Ice Dart prooviti j\u00e4rele otse liustikel ja j\u00e4\u00e4m\u00e4gedel, kus tuul, k\u00fclm ja pidevalt muutuv pind on seni droonid kiiresti tagasi baasi sundinud.<\/p>\n<p>Miks on vaja, et masin p\u00fcsiks vaikides ja pea m\u00e4rkamatult kinni 60-kraadisel j\u00e4\u00e4nukil p\u00e4evade v\u00f5i isegi n\u00e4dalate kaupa? Ning kuidas mahub sellesse pildile kassik\u00fc\u00fcnist inspireeritud tehnika?<\/p>\n","protected":false},"excerpt":{"rendered":"Kanada teadlased katsetavad drooni, mis ei otsi enam siledaid maandumisradasid, vaid haagib end kinni j\u00e4rskudest j\u00e4\u00e4seintest nagu m\u00e4gironija.&hellip;\n","protected":false},"author":2,"featured_media":257671,"comment_status":"","ping_status":"","sticky":false,"template":"","format":"standard","meta":{"footnotes":"","_share_on_mastodon":"0"},"categories":[80],"tags":[5803,26,27,1274,37,33,35,34,36,31,32,21,100468,28,29,100469,95,19,25,100470,100471,23,24,22,20,30,92,93,94],"class_list":["post-257670","post","type-post","status-publish","format-standard","has-post-thumbnail","category-maailm","tag-arktika","tag-breaking-news","tag-breakingnews","tag-droonid","tag-ee","tag-eesti","tag-eesti-keel","tag-estonia","tag-estonian","tag-featured-news","tag-featurednews","tag-headlines","tag-jaamagede-seire","tag-latest-news","tag-latestnews","tag-liustike-seire","tag-maailm","tag-news","tag-populaarseimad-lood","tag-robotika","tag-susinikkiu-droon","tag-top-stories","tag-topstories","tag-uldised-uudised","tag-uudised","tag-viimased-uudised","tag-world","tag-world-news","tag-worldnews"],"share_on_mastodon":{"url":"https:\/\/pubeurope.com\/@ee\/117134654682245870","error":""},"_links":{"self":[{"href":"https:\/\/www.europesays.com\/ee\/wp-json\/wp\/v2\/posts\/257670","targetHints":{"allow":["GET"]}}],"collection":[{"href":"https:\/\/www.europesays.com\/ee\/wp-json\/wp\/v2\/posts"}],"about":[{"href":"https:\/\/www.europesays.com\/ee\/wp-json\/wp\/v2\/types\/post"}],"author":[{"embeddable":true,"href":"https:\/\/www.europesays.com\/ee\/wp-json\/wp\/v2\/users\/2"}],"replies":[{"embeddable":true,"href":"https:\/\/www.europesays.com\/ee\/wp-json\/wp\/v2\/comments?post=257670"}],"version-history":[{"count":0,"href":"https:\/\/www.europesays.com\/ee\/wp-json\/wp\/v2\/posts\/257670\/revisions"}],"wp:featuredmedia":[{"embeddable":true,"href":"https:\/\/www.europesays.com\/ee\/wp-json\/wp\/v2\/media\/257671"}],"wp:attachment":[{"href":"https:\/\/www.europesays.com\/ee\/wp-json\/wp\/v2\/media?parent=257670"}],"wp:term":[{"taxonomy":"category","embeddable":true,"href":"https:\/\/www.europesays.com\/ee\/wp-json\/wp\/v2\/categories?post=257670"},{"taxonomy":"post_tag","embeddable":true,"href":"https:\/\/www.europesays.com\/ee\/wp-json\/wp\/v2\/tags?post=257670"}],"curies":[{"name":"wp","href":"https:\/\/api.w.org\/{rel}","templated":true}]}}