{"id":257682,"date":"2026-08-21T17:43:09","date_gmt":"2026-08-21T17:43:09","guid":{"rendered":"https:\/\/www.europesays.com\/ee\/257682\/"},"modified":"2026-08-21T17:43:09","modified_gmt":"2026-08-21T17:43:09","slug":"turgi-valjastas-iisraeli-peaministri-netanyahu-suhtes-rahvusvahelise-vahistamiskasu","status":"publish","type":"post","link":"https:\/\/www.europesays.com\/ee\/257682\/","title":{"rendered":"T\u00fcrgi v\u00e4ljastas Iisraeli peaministri Netanyahu suhtes rahvusvahelise vahistamisk\u00e4su"},"content":{"rendered":"<p>Uue vahistamism\u00e4\u00e4ruse v\u00e4ljastamisest andis teada T\u00fcrgi justiitsminister Ak\u0131n G\u00fcrlek reedel sotsiaalmeediaplatvormil X. G\u00fcrleki s\u00f5nul palus tema ministeerium siseministeeriumil anda Netanyahu ja teise iisraellase Afek Moskovitchi kohta v\u00e4lja Interpoli punane teade, millega palutakse liikmesriikidel kriminaalasjas taga otsitav isik kinni pidada ja v\u00e4lja anda.<\/p>\n","protected":false},"excerpt":{"rendered":"Uue vahistamism\u00e4\u00e4ruse v\u00e4ljastamisest andis teada T\u00fcrgi justiitsminister Ak\u0131n G\u00fcrlek reedel sotsiaalmeediaplatvormil X. G\u00fcrleki s\u00f5nul palus tema ministeerium siseministeeriumil&hellip;\n","protected":false},"author":2,"featured_media":257683,"comment_status":"","ping_status":"","sticky":false,"template":"","format":"standard","meta":{"footnotes":"","_share_on_mastodon":"0"},"categories":[80],"tags":[100477,100478,621,26,27,37,33,35,34,36,31,32,2103,764,21,619,28,29,95,19,25,100479,2066,23,24,329,100480,22,20,30,92,93,94],"class_list":["post-257682","post","type-post","status-publish","format-standard","has-post-thumbnail","category-maailm","tag-afek-moskovitch","tag-akin-gurlek","tag-benjamin-netanyahu","tag-breaking-news","tag-breakingnews","tag-ee","tag-eesti","tag-eesti-keel","tag-estonia","tag-estonian","tag-featured-news","tag-featurednews","tag-gaza-soda","tag-hamas","tag-headlines","tag-iisrael","tag-latest-news","tag-latestnews","tag-maailm","tag-news","tag-populaarseimad-lood","tag-rahvusvaheline-vahistamismaarus","tag-recep-tayyip-erdogan","tag-top-stories","tag-topstories","tag-turgi","tag-turgi-iisraeli-suhted","tag-uldised-uudised","tag-uudised","tag-viimased-uudised","tag-world","tag-world-news","tag-worldnews"],"share_on_mastodon":{"url":"","error":"Validation failed: Text character limit of 500 exceeded"},"_links":{"self":[{"href":"https:\/\/www.europesays.com\/ee\/wp-json\/wp\/v2\/posts\/257682","targetHints":{"allow":["GET"]}}],"collection":[{"href":"https:\/\/www.europesays.com\/ee\/wp-json\/wp\/v2\/posts"}],"about":[{"href":"https:\/\/www.europesays.com\/ee\/wp-json\/wp\/v2\/types\/post"}],"author":[{"embeddable":true,"href":"https:\/\/www.europesays.com\/ee\/wp-json\/wp\/v2\/users\/2"}],"replies":[{"embeddable":true,"href":"https:\/\/www.europesays.com\/ee\/wp-json\/wp\/v2\/comments?post=257682"}],"version-history":[{"count":0,"href":"https:\/\/www.europesays.com\/ee\/wp-json\/wp\/v2\/posts\/257682\/revisions"}],"wp:featuredmedia":[{"embeddable":true,"href":"https:\/\/www.europesays.com\/ee\/wp-json\/wp\/v2\/media\/257683"}],"wp:attachment":[{"href":"https:\/\/www.europesays.com\/ee\/wp-json\/wp\/v2\/media?parent=257682"}],"wp:term":[{"taxonomy":"category","embeddable":true,"href":"https:\/\/www.europesays.com\/ee\/wp-json\/wp\/v2\/categories?post=257682"},{"taxonomy":"post_tag","embeddable":true,"href":"https:\/\/www.europesays.com\/ee\/wp-json\/wp\/v2\/tags?post=257682"}],"curies":[{"name":"wp","href":"https:\/\/api.w.org\/{rel}","templated":true}]}}