{"id":257714,"date":"2026-08-21T18:37:10","date_gmt":"2026-08-21T18:37:10","guid":{"rendered":"https:\/\/www.europesays.com\/ee\/257714\/"},"modified":"2026-08-21T18:37:10","modified_gmt":"2026-08-21T18:37:10","slug":"vene-meedia-fsb-erukindral-leiti-moskvas-surnuna","status":"publish","type":"post","link":"https:\/\/www.europesays.com\/ee\/257714\/","title":{"rendered":"Vene meedia: FSB erukindral leiti Moskvas surnuna"},"content":{"rendered":"<p>83-aastane Laptev leiti Verhnjaja Krasnoselskaja t\u00e4naval asuvast korterist tulirelvavigastusega, teatasid Vene v\u00e4ljaanded Moskovski Komsomolets ja Izvestija. Surma asjaolud pole selged. Allikad r\u00e4\u00e4kisid v\u00e4ljaannetele, et mees v\u00f5is endalt elu v\u00f5tta, kuid Venemaa v\u00f5imud pole teateid kinnitanud.<\/p>\n<p>Laptev oli sides\u00fcsteeme arendava kontserni Informtehnika n\u00f5ukogu esimees, kirjutas s\u00f5ltumatu Vene v\u00e4ljaanne Mediazona. Kontserniga seotud ettev\u00f5tted tarnisid seadmeid Venemaa kaitseministeeriumile, siseministeeriumile ja riigi armee sidetaristu hooldamisega tegelevale ettev\u00f5ttele Voentelecom.<\/p>\n<p>Oma karj\u00e4\u00e4ri jooksul teenis Laptev N\u00f5ukogude-Afganistani s\u00f5jas, t\u00f6\u00f6tas NSV Liidu Riikliku Julgeoleku Komitees (<a rel=\"noopener nofollow\" target=\"_blank\" href=\"https:\/\/www.delfi.ee\/teema\/56817388\/kgb\" tag-id=\"56817388\">KGB<\/a>) ja hiljem FSB-s, kus ta spetsialiseerus infoturbele.<\/p>\n<p>Viimastel kuudel on aset leidnud mitu Venemaa k\u00f5rgemate tegelaste <a rel=\"noopener nofollow\" target=\"_blank\" href=\"https:\/\/www.delfi.ee\/teema\/96922707\/surmajuhtum\" tag-id=\"96922707\">surmajuhtumit<\/a>, mis on toimunud suunatud r\u00fcnnakute t\u00f5ttu Moskva Ukraina-vastase s\u00f5jaga seotud isikute vastu. Hiljuti on n\u00e4iteks r\u00fcnnatud \u00f5hu- ja kosmosev\u00e4gede \u00fclemjuhatajat Aleksandr T\u0161aikot ja drooniettev\u00f5tte juhti Andrei T\u0161erezovit.<\/p>\n<p>Kuidas see lugu Sind end tundma pani?Saada<a href=\"https:\/\/www.delfi.ee\/artikkel\/120605299\/vene-meedia-fsb-erukindral-leiti-moskvas-surnuna\/kommentaarid\" class=\"button button--primary button--size-auto article-body-bottom__comment article-body-bottom__comment--write\" style=\"\" rel=\"nofollow noopener\" target=\"_blank\">Kommenteeri<\/a><a href=\"https:\/\/www.delfi.ee\/artikkel\/120605299\/vene-meedia-fsb-erukindral-leiti-moskvas-surnuna\/kommentaarid\" class=\"button button--size-auto article-body-bottom__comment article-body-bottom__comment--read\" style=\"\" rel=\"nofollow noopener\" target=\"_blank\">Loe kommentaare (5)<\/a><\/p>\n","protected":false},"excerpt":{"rendered":"83-aastane Laptev leiti Verhnjaja Krasnoselskaja t\u00e4naval asuvast korterist tulirelvavigastusega, teatasid Vene v\u00e4ljaanded Moskovski Komsomolets ja Izvestija. Surma asjaolud&hellip;\n","protected":false},"author":2,"featured_media":257715,"comment_status":"","ping_status":"","sticky":false,"template":"","format":"standard","meta":{"footnotes":"","_share_on_mastodon":"0"},"categories":[14],"tags":[131,130,37,33,35,34,36,9251,2992,108,14000,96],"class_list":["post-257714","post","type-post","status-publish","format-standard","has-post-thumbnail","category-ari","tag-ari","tag-business","tag-ee","tag-eesti","tag-eesti-keel","tag-estonia","tag-estonian","tag-fsb","tag-kgb","tag-moskva","tag-surmajuhtum","tag-venemaa"],"share_on_mastodon":{"url":"https:\/\/pubeurope.com\/@ee\/117134953423839048","error":""},"_links":{"self":[{"href":"https:\/\/www.europesays.com\/ee\/wp-json\/wp\/v2\/posts\/257714","targetHints":{"allow":["GET"]}}],"collection":[{"href":"https:\/\/www.europesays.com\/ee\/wp-json\/wp\/v2\/posts"}],"about":[{"href":"https:\/\/www.europesays.com\/ee\/wp-json\/wp\/v2\/types\/post"}],"author":[{"embeddable":true,"href":"https:\/\/www.europesays.com\/ee\/wp-json\/wp\/v2\/users\/2"}],"replies":[{"embeddable":true,"href":"https:\/\/www.europesays.com\/ee\/wp-json\/wp\/v2\/comments?post=257714"}],"version-history":[{"count":0,"href":"https:\/\/www.europesays.com\/ee\/wp-json\/wp\/v2\/posts\/257714\/revisions"}],"wp:featuredmedia":[{"embeddable":true,"href":"https:\/\/www.europesays.com\/ee\/wp-json\/wp\/v2\/media\/257715"}],"wp:attachment":[{"href":"https:\/\/www.europesays.com\/ee\/wp-json\/wp\/v2\/media?parent=257714"}],"wp:term":[{"taxonomy":"category","embeddable":true,"href":"https:\/\/www.europesays.com\/ee\/wp-json\/wp\/v2\/categories?post=257714"},{"taxonomy":"post_tag","embeddable":true,"href":"https:\/\/www.europesays.com\/ee\/wp-json\/wp\/v2\/tags?post=257714"}],"curies":[{"name":"wp","href":"https:\/\/api.w.org\/{rel}","templated":true}]}}