{"id":257732,"date":"2026-08-21T18:58:15","date_gmt":"2026-08-21T18:58:15","guid":{"rendered":"https:\/\/www.europesays.com\/ee\/257732\/"},"modified":"2026-08-21T18:58:15","modified_gmt":"2026-08-21T18:58:15","slug":"hollandi-vormel-1-etapi-sprinti-alustab-parimalt-stardikohalt-russell","status":"publish","type":"post","link":"https:\/\/www.europesays.com\/ee\/257732\/","title":{"rendered":"Hollandi vormel-1 etapi sprinti alustab parimalt stardikohalt Russell"},"content":{"rendered":"<p>Russell sai ringiajaks 1.11,567. Seejuures edestas Russell l\u00e4himaid konkurente \u00fcsna napilt. Teise positsiooni s\u00f5itis v\u00e4lja Lando Norrs (+0,041) McLarenilt ja kolmanda Charles Leclerc (+0,055) Ferraril.<\/p>\n<p>Esikolmikule j\u00e4rgnesid Oscar Piastri (+0,099) McLarenil, Kimi Antonelli (+0,227) Mercedesel ja kodupubliku ees s\u00f5itev Max Verstappen (+0,527) Red Bullil.<\/p>\n<p>Sprint s\u00f5idetakse Hollandi GP-l laup\u00e4eval, p\u00f5his\u00f5it on kavas p\u00fchap\u00e4eval.<\/p>\n<p>MM-sarja \u00fcldarvestuses on praegu esikohta hoidmas Antonelli, kellel on koos 219 punkti. Teine on Ferrari piloot Lewis Hamilton 169-ga, kolmas Russell 160-ga ja neljas Leclerc 138-ga.<\/p>\n<p>Kuidas see lugu Sind end tundma pani?Saada<a href=\"https:\/\/sport.delfi.ee\/artikkel\/120605290\/hollandi-vormel-1-etapi-sprinti-alustab-parimalt-stardikohalt-russell\/kommentaarid\" class=\"button button--primary button--size-auto article-body-bottom__comment article-body-bottom__comment--write\" style=\"\" rel=\"nofollow noopener\" target=\"_blank\">Kommenteeri<\/a><a href=\"https:\/\/sport.delfi.ee\/artikkel\/120605290\/hollandi-vormel-1-etapi-sprinti-alustab-parimalt-stardikohalt-russell\/kommentaarid\" class=\"button button--size-auto article-body-bottom__comment article-body-bottom__comment--read\" style=\"\" rel=\"nofollow noopener\" target=\"_blank\">Loe kommentaare <\/a><\/p>\n","protected":false},"excerpt":{"rendered":"Russell sai ringiajaks 1.11,567. Seejuures edestas Russell l\u00e4himaid konkurente \u00fcsna napilt. Teise positsiooni s\u00f5itis v\u00e4lja Lando Norrs (+0,041)&hellip;\n","protected":false},"author":2,"featured_media":257733,"comment_status":"","ping_status":"","sticky":false,"template":"","format":"standard","meta":{"footnotes":"","_share_on_mastodon":"0"},"categories":[18],"tags":[37,33,35,34,36,1956,159,158,4487],"class_list":["post-257732","post","type-post","status-publish","format-standard","has-post-thumbnail","category-sport","tag-ee","tag-eesti","tag-eesti-keel","tag-estonia","tag-estonian","tag-george-russell","tag-sport","tag-sports","tag-vormel-1"],"share_on_mastodon":{"url":"https:\/\/pubeurope.com\/@ee\/117135035839680794","error":""},"_links":{"self":[{"href":"https:\/\/www.europesays.com\/ee\/wp-json\/wp\/v2\/posts\/257732","targetHints":{"allow":["GET"]}}],"collection":[{"href":"https:\/\/www.europesays.com\/ee\/wp-json\/wp\/v2\/posts"}],"about":[{"href":"https:\/\/www.europesays.com\/ee\/wp-json\/wp\/v2\/types\/post"}],"author":[{"embeddable":true,"href":"https:\/\/www.europesays.com\/ee\/wp-json\/wp\/v2\/users\/2"}],"replies":[{"embeddable":true,"href":"https:\/\/www.europesays.com\/ee\/wp-json\/wp\/v2\/comments?post=257732"}],"version-history":[{"count":0,"href":"https:\/\/www.europesays.com\/ee\/wp-json\/wp\/v2\/posts\/257732\/revisions"}],"wp:featuredmedia":[{"embeddable":true,"href":"https:\/\/www.europesays.com\/ee\/wp-json\/wp\/v2\/media\/257733"}],"wp:attachment":[{"href":"https:\/\/www.europesays.com\/ee\/wp-json\/wp\/v2\/media?parent=257732"}],"wp:term":[{"taxonomy":"category","embeddable":true,"href":"https:\/\/www.europesays.com\/ee\/wp-json\/wp\/v2\/categories?post=257732"},{"taxonomy":"post_tag","embeddable":true,"href":"https:\/\/www.europesays.com\/ee\/wp-json\/wp\/v2\/tags?post=257732"}],"curies":[{"name":"wp","href":"https:\/\/api.w.org\/{rel}","templated":true}]}}