{"id":257764,"date":"2026-08-21T20:17:11","date_gmt":"2026-08-21T20:17:11","guid":{"rendered":"https:\/\/www.europesays.com\/ee\/257764\/"},"modified":"2026-08-21T20:17:11","modified_gmt":"2026-08-21T20:17:11","slug":"vastasseis-teravneb-iraan-lubas-laastavat-vastulooki-usa-kavandatavatele-sanktsioonidele","status":"publish","type":"post","link":"https:\/\/www.europesays.com\/ee\/257764\/","title":{"rendered":"Vastasseis teravneb: Iraan lubas laastavat vastul\u00f6\u00f6ki USA kavandatavatele sanktsioonidele"},"content":{"rendered":"<p>\u201eIraani relvaj\u00f5ud vastavad vaenlase uutele \u00e4hvardustele purustavate, karistavate ja laastavate sammudega, olles valmisolekus nii maal, merel, \u00f5hus, \u00f5hut\u00f5rjes kui ka k\u00fcberruumis,\u201c \u00fctles Iraani relvaj\u00f5udude kindralstaabi \u00fclem kindralmajor Ali Abdollahi kohaliku meedia teatel, vahendab uudisteagentuur Reuters.<\/p>\n<p>USA on ilmselt j\u00f5udnud j\u00e4reldusele, et nad ei suuda otseses s\u00f5jalises vastasseisus Iraani v\u00f5ita, \u00fctles parlamendi spiiker Mohammad Baqer Qalibaf, kes on tegutsenud Iraani peal\u00e4bir\u00e4\u00e4kijana kaudsetel k\u00f5nelustel USA-ga.<\/p>\n<p>Qalibaf s\u00fc\u00fcdistas USA-d ja Iisraeli majandusliku ja ps\u00fchholoogilise s\u00f5ja pidamises. \u201eMe peame tegema plaane eba\u00f5iglaste sanktsioonidega toimetulekuks, et neist jagu saada,\u201c s\u00f5nas ta Iraani uudisteagentuuri IRNA teatel.<\/p>\n<p>Samas tunnistas Qalibaf Iraani ja Iraagi \u00e4rimeestega vesteldes survet riigi majandusele. \u201e\u00dcksk\u00f5ik kui suur on meie s\u00f5jaline v\u00f5imsus, me ei j\u00e4\u00e4 ellu, kui inimesed on n\u00e4ljased ning meil puudub rahaline k\u00e4ive, majanduskasv ja kodumaine tootmine,\u201c m\u00e4rkis Qalibaf.<\/p>\n<p>USA rahandusminister <a rel=\"noopener nofollow\" target=\"_blank\" href=\"https:\/\/www.delfi.ee\/teema\/96867057\/scott-bessent\" tag-id=\"96867057\">Scott Bessent<\/a> teatas v\u00e4ljaandele CNBC, et r\u00e4\u00e4gib kavandatavatest meetmetest t\u00e4psemalt esmasp\u00e4eval, kirjeldades sanktsioone ja juulis kehtestatud mereblokaadi kui topeltl\u00f6\u00f6ki Iraanile. \u201eMe kukutame selle re\u017eiimi. Meie liitlastel ja \u00fclej\u00e4\u00e4nud maailmal on aeg otsus vastu v\u00f5tta,\u201c s\u00f5nas ta.<\/p>\n<p><a href=\"http:\/\/www.delfi.ee\/artikkel\/120605148\/sojategevus-majandussurveks-usa-kavatseb-kehtestada-iraanile-ajaloo-suurimaid-sanktsioone#dalrel-in-article\" class=\"content-embedded-articles-single__embedded-article\" data-v-6f4d311d=\"\" rel=\"nofollow noopener\" target=\"_blank\"><\/p>\n<p>21.08.2026<\/p>\n<p>S\u00f5jategevus majandussurveks. USA kavatseb kehtestada Iraanile ajaloo suurimad sanktsioonid (35)<\/p>\n<p><\/a><\/p>\n<p>Iraan on alates 1979. aasta islamirevolutsioonist olnud peaaegu pidevate majandussanktsioonide all, mist\u00f5ttu on elanikud pidanud taluma k\u00f5rget inflatsiooni, n\u00f5rgenevat valuutat, energiapuudust ja kahjustatud taristut. <\/p>\n<p>Majanduslike karistuste laiendamine v\u00f5ib suurendada elanikkonna raskusi, n\u00f5rgestada vaimulikku v\u00f5imuladvikut ja \u00f5hutada rahutusi, \u00fctlesid m\u00f5ned iraanlased Reutersile.<\/p>\n<p>Kuidas see lugu Sind end tundma pani?Saada<a href=\"https:\/\/www.delfi.ee\/artikkel\/120605307\/vastasseis-teravneb-iraan-lubas-laastavat-vastulooki-usa-kavandatavatele-sanktsioonidele\/kommentaarid\" class=\"button button--primary button--size-auto article-body-bottom__comment article-body-bottom__comment--write\" style=\"\" rel=\"nofollow noopener\" target=\"_blank\">Kommenteeri<\/a><a href=\"https:\/\/www.delfi.ee\/artikkel\/120605307\/vastasseis-teravneb-iraan-lubas-laastavat-vastulooki-usa-kavandatavatele-sanktsioonidele\/kommentaarid\" class=\"button button--size-auto article-body-bottom__comment article-body-bottom__comment--read\" style=\"\" rel=\"nofollow noopener\" target=\"_blank\">Loe kommentaare (6)<\/a><\/p>\n","protected":false},"excerpt":{"rendered":"\u201eIraani relvaj\u00f5ud vastavad vaenlase uutele \u00e4hvardustele purustavate, karistavate ja laastavate sammudega, olles valmisolekus nii maal, merel, \u00f5hus, \u00f5hut\u00f5rjes&hellip;\n","protected":false},"author":2,"featured_media":257765,"comment_status":"","ping_status":"","sticky":false,"template":"","format":"standard","meta":{"footnotes":"","_share_on_mastodon":"0"},"categories":[80],"tags":[26,27,37,33,35,34,36,31,32,21,1925,55505,28,29,95,19,25,11940,23,24,22,325,20,30,92,93,94],"class_list":["post-257764","post","type-post","status-publish","format-standard","has-post-thumbnail","category-maailm","tag-breaking-news","tag-breakingnews","tag-ee","tag-eesti","tag-eesti-keel","tag-estonia","tag-estonian","tag-featured-news","tag-featurednews","tag-headlines","tag-iraan","tag-lahis-ida-soda","tag-latest-news","tag-latestnews","tag-maailm","tag-news","tag-populaarseimad-lood","tag-scott-bessent","tag-top-stories","tag-topstories","tag-uldised-uudised","tag-usa","tag-uudised","tag-viimased-uudised","tag-world","tag-world-news","tag-worldnews"],"share_on_mastodon":{"url":"https:\/\/pubeurope.com\/@ee\/117135346633863132","error":""},"_links":{"self":[{"href":"https:\/\/www.europesays.com\/ee\/wp-json\/wp\/v2\/posts\/257764","targetHints":{"allow":["GET"]}}],"collection":[{"href":"https:\/\/www.europesays.com\/ee\/wp-json\/wp\/v2\/posts"}],"about":[{"href":"https:\/\/www.europesays.com\/ee\/wp-json\/wp\/v2\/types\/post"}],"author":[{"embeddable":true,"href":"https:\/\/www.europesays.com\/ee\/wp-json\/wp\/v2\/users\/2"}],"replies":[{"embeddable":true,"href":"https:\/\/www.europesays.com\/ee\/wp-json\/wp\/v2\/comments?post=257764"}],"version-history":[{"count":0,"href":"https:\/\/www.europesays.com\/ee\/wp-json\/wp\/v2\/posts\/257764\/revisions"}],"wp:featuredmedia":[{"embeddable":true,"href":"https:\/\/www.europesays.com\/ee\/wp-json\/wp\/v2\/media\/257765"}],"wp:attachment":[{"href":"https:\/\/www.europesays.com\/ee\/wp-json\/wp\/v2\/media?parent=257764"}],"wp:term":[{"taxonomy":"category","embeddable":true,"href":"https:\/\/www.europesays.com\/ee\/wp-json\/wp\/v2\/categories?post=257764"},{"taxonomy":"post_tag","embeddable":true,"href":"https:\/\/www.europesays.com\/ee\/wp-json\/wp\/v2\/tags?post=257764"}],"curies":[{"name":"wp","href":"https:\/\/api.w.org\/{rel}","templated":true}]}}