{"id":257766,"date":"2026-08-21T20:26:14","date_gmt":"2026-08-21T20:26:14","guid":{"rendered":"https:\/\/www.europesays.com\/ee\/257766\/"},"modified":"2026-08-21T20:26:14","modified_gmt":"2026-08-21T20:26:14","slug":"fifa-jagas-argentiinlastele-ohtralt-karistusi-jalgpalli-mm","status":"publish","type":"post","link":"https:\/\/www.europesays.com\/ee\/257766\/","title":{"rendered":"FIFA jagas argentiinlastele ohtralt karistusi | Jalgpalli MM"},"content":{"rendered":"<p>Rahvusvaheline jalgpalliliit (FIFA) tegi teatavaks karistused, mis jagati maailmameistriv\u00f5istluste finaali j\u00e4rel toimunud r\u00fcseluse eest.<\/p>\n<p>New Jerseys MetLife&#8217;i staadionil peetud finaalis alistas Hispaania Argentina 1:0. Kohe p\u00e4rast l\u00f5puvilet puhkes v\u00e4ljakul m\u00f5lema meeskonna m\u00e4ngijate ja taustaj\u00f5udude vahel konflikt.<\/p>\n<p>Telepildist oli n\u00e4ha, kuidas t\u00fcli sai alguse hetkest, mil Hispaania poolkaitsja Rodri jooksis meeskonnakaaslaste juurde v\u00f5itu t\u00e4histama. Argentina kaitsja Nahuel Molina l\u00f5i pealtn\u00e4gijate hinnangul Rodrit, mis vallandas v\u00e4ljakul suurema r\u00fcseluse.<\/p>\n<p>Konflikti sattusid teiste seas Leandro Paredes, Thiago Almada, Molina ja Argentina abitreener Roberto Ayala. Videokordused n\u00e4itasid, kuidas Paredes haaras Hispaania kaitsjal Eric Garcial k\u00f5rist ning l\u00fckkas hiljem pikali ka Gavi. Almada surus samuti Gavi murule ning Ayala n\u00e4is Garcial k\u00f5rist kinni hoidvat.<\/p>\n<p>FIFA otsusena sai suurima karistuse Paredes, kes peab vahele j\u00e4tma k\u00fcmme j\u00e4rgmist m\u00e4ngu. Seitsmem\u00e4ngulise keelu sai Nahuel Molina. M\u00f5lemale m\u00e4\u00e4rati ka 90 000 USA dollari suurune rahatrahv.<\/p>\n<p>Veidi v\u00e4iksemate karistustega p\u00e4\u00e4sesid argentiinlane Thiago Almada ja hispaanlane Gavi. M\u00f5lemad peavad vahele j\u00e4tma \u00fche m\u00e4ngu. Argentina abitreener Roberto Ayala, kes hiljem vabandas, sai aga kolmem\u00e4ngulise juhendamiskeelu. Kogu kolmik peab maksma ka 30 000 dollarit trahvi.<\/p>\n<p>Argentina jalgpalliliitu trahviti erinevate distsiplinaarrikkumiste eest maailmameistriv\u00f5istlustel kokku 321 000 dollariga. Sinna sekka kuulus ka plakat &#8220;Falklandi saared on Argentina&#8221; (originaalis: Las Malvinas Son Argentinas&#8221;), millega m\u00f5ned m\u00e4ngijad poseerisid. Argentina kahe j\u00e4rgmise kodum\u00e4ngu staadioni t\u00e4ituvus ei tohi \u00fcletada 50 protsendi piire.<\/p>\n<p>Otsuseid saab soovi korral edasi kaevata.<\/p>\n","protected":false},"excerpt":{"rendered":"Rahvusvaheline jalgpalliliit (FIFA) tegi teatavaks karistused, mis jagati maailmameistriv\u00f5istluste finaali j\u00e4rel toimunud r\u00fcseluse eest. New Jerseys MetLife&#8217;i staadionil&hellip;\n","protected":false},"author":2,"featured_media":257767,"comment_status":"","ping_status":"","sticky":false,"template":"","format":"standard","meta":{"footnotes":"","_share_on_mastodon":"0"},"categories":[18],"tags":[15558,37,33,35,34,36,3223,7036,159,158],"class_list":["post-257766","post","type-post","status-publish","format-standard","has-post-thumbnail","category-sport","tag-argentina-jalgpallikoondis","tag-ee","tag-eesti","tag-eesti-keel","tag-estonia","tag-estonian","tag-fifa","tag-jalgpalli-mm","tag-sport","tag-sports"],"share_on_mastodon":{"url":"https:\/\/pubeurope.com\/@ee\/117135381818251873","error":""},"_links":{"self":[{"href":"https:\/\/www.europesays.com\/ee\/wp-json\/wp\/v2\/posts\/257766","targetHints":{"allow":["GET"]}}],"collection":[{"href":"https:\/\/www.europesays.com\/ee\/wp-json\/wp\/v2\/posts"}],"about":[{"href":"https:\/\/www.europesays.com\/ee\/wp-json\/wp\/v2\/types\/post"}],"author":[{"embeddable":true,"href":"https:\/\/www.europesays.com\/ee\/wp-json\/wp\/v2\/users\/2"}],"replies":[{"embeddable":true,"href":"https:\/\/www.europesays.com\/ee\/wp-json\/wp\/v2\/comments?post=257766"}],"version-history":[{"count":0,"href":"https:\/\/www.europesays.com\/ee\/wp-json\/wp\/v2\/posts\/257766\/revisions"}],"wp:featuredmedia":[{"embeddable":true,"href":"https:\/\/www.europesays.com\/ee\/wp-json\/wp\/v2\/media\/257767"}],"wp:attachment":[{"href":"https:\/\/www.europesays.com\/ee\/wp-json\/wp\/v2\/media?parent=257766"}],"wp:term":[{"taxonomy":"category","embeddable":true,"href":"https:\/\/www.europesays.com\/ee\/wp-json\/wp\/v2\/categories?post=257766"},{"taxonomy":"post_tag","embeddable":true,"href":"https:\/\/www.europesays.com\/ee\/wp-json\/wp\/v2\/tags?post=257766"}],"curies":[{"name":"wp","href":"https:\/\/api.w.org\/{rel}","templated":true}]}}