{"id":257784,"date":"2026-08-21T20:59:09","date_gmt":"2026-08-21T20:59:09","guid":{"rendered":"https:\/\/www.europesays.com\/ee\/257784\/"},"modified":"2026-08-21T20:59:09","modified_gmt":"2026-08-21T20:59:09","slug":"vorkpalliga-lopparve-teinud-kadi-kullerkann-puhendub-kunstile-vorkpall","status":"publish","type":"post","link":"https:\/\/www.europesays.com\/ee\/257784\/","title":{"rendered":"V\u00f5rkpalliga l\u00f5pparve teinud Kadi Kullerkann p\u00fchendub kunstile | V\u00f5rkpall"},"content":{"rendered":"<p>V\u00e4lisliigades pikalt v\u00f5rkpalli m\u00e4nginud Kadi Kullerkann, kes pidas koondise eest 89 m\u00e4ngu, l\u00f5petas sportlaskarj\u00e4\u00e4ri ja keskendub edaspidi kunstile.<\/p>\n<p>Eelmisel hooajal p\u00e4\u00e4ses diagonaalr\u00fcndaja esimese Eesti naisv\u00f5rkpallurina T\u00fcrgi meistriliigasse, millega samav\u00e4\u00e4rne on maailmas vaid Itaalia meistriliiga.<\/p>\n<p>&#8220;Tundsin, et sai k\u00fcllalt,&#8221; lausus ta n\u00fc\u00fcd ERR-ile. &#8220;Sain oma nii-\u00f6elda tipu k\u00e4tte, kus ma tundsin, et see oli see \u00e4ge kogemus, mida ma tahtsin ja mille nimel ma olen t\u00f6\u00f6d teinud. Kuidagi tundsin, et on piisavalt v\u00f5rkpallist ja n\u00fc\u00fcd suundun siis rohkem kunsti valdkonda ja katsun seal l\u00e4bi l\u00fc\u00fca.&#8221;<\/p>\n<p>Mitmes Kreeka klubis m\u00e4nginud ning Rumeenias, Itaalias, Hollandis ja Filipiinidel karastunud Kullerkann siirdus v\u00e4lismaale 2011. aastal, kui l\u00e4ks USA-sse \u00fclikooli \u00f5ppima ja m\u00e4ngima.<\/p>\n<p>&#8220;Seiklus hakkas juba \u00fclikooli minekuga. On p\u00e4ris pikk aeg olnud, kui ma olen m\u00f6\u00f6da maailma ringi reisinud t\u00e4nu v\u00f5rkpallile. Need tutvused, mis ma olen saanud, k\u00f5ik kogemused ja erinevad kultuurid, kus ma olen saanud elada ja m\u00e4ngida &#8211; seda ei anna v\u00f5rrelda mitte millegi muuga,&#8221; lausus ta.<\/p>\n<p>&#8220;Ma olen \u00e4\u00e4rmiselt t\u00e4nulik selle perioodi \u00fcle, mis mul oli. Seal oli v\u00e4ga kindlasti raskeid perioode. Suures pildis olen \u00e4\u00e4rmiselt t\u00e4nulik, et sain seda kogeda ja teeks iga kell uuesti.&#8221;<\/p>\n<p>Mitmetes keerulistes v\u00e4lisklubides m\u00e4nginud 1.95 pikk Kullerkann aitas Eesti 2019. aasta EM-finaalturniirile ning kuulus 2023. aastal Euroopa H\u00f5beliiga v\u00f5itnud ja kodupubliku ees EM-finaalturniiril m\u00e4nginud Eesti naiskonda.<\/p>\n<p>&#8220;Kindlasti EM-finaalturniiril m\u00e4ngimine oli minu jaoks v\u00e4ga eriline ja k\u00f5ik tulemused on toredad, kuid mis v\u00f5rkpallist kaasa j\u00e4\u00e4vad, on ikkagi need suhted, mis sa oled loonud ning siis isiklikud v\u00f5idud ja seda mitte statistikanurga alt, vaid minul n\u00e4iteks personaalselt vigastustest v\u00e4lja tulemine ja taas oma taseme leidmine,&#8221; s\u00f5nas sel n\u00e4dalal 34-aastaseks saanud Kullerkann.<\/p>\n<p>&#8220;Need on need asjad, mille \u00fcle ma olen k\u00f5ige rohkem \u00f5nnelik ja uhke. V\u00e4lisklubides kogetud probleemid \u00f5petasid mulle p\u00e4ris palju elu kohta.&#8221;<\/p>\n<p>Kodus TalTechiga Balti liiga v\u00f5itjaks ja Eesti meistriks tulnud Kullerkann t\u00f6\u00f6tas karj\u00e4\u00e4ri jooksul mitmete raskete vigastuste j\u00e4rel end taas \u00fcles ja ei karda uut v\u00e4ljakutset. Ta soovib n\u00e4idata sporti l\u00e4bi kunsti ja s\u00f5itis v\u00e4rske maaliga USA-sse.<\/p>\n<p>&#8220;Tegin oma vanale \u00fclikoolile Pittsburghile siis \u00fche suure maali. Seni suurima maali, mis ma \u00fcldse teinud olen ja see oli igatpidi v\u00e4ljakutsuv j\u00e4llegi,&#8221; lausus v\u00f5rkpallur.<\/p>\n<p>&#8220;Teeme sellise ametliku \u00fcle andmise seal enne nende esimest m\u00e4ngu. Neil on uus spordikompleks, mida nad ehitasid ja siis see l\u00e4heb treenerite kontorite seina kaunistama.&#8221;<\/p>\n<p>Eesti koondise eest pidas Kadi Kullerkann 89 m\u00e4ngu. Enamat on suutnud kuus naist.<\/p>\n","protected":false},"excerpt":{"rendered":"V\u00e4lisliigades pikalt v\u00f5rkpalli m\u00e4nginud Kadi Kullerkann, kes pidas koondise eest 89 m\u00e4ngu, l\u00f5petas sportlaskarj\u00e4\u00e4ri ja keskendub edaspidi kunstile.&hellip;\n","protected":false},"author":2,"featured_media":257785,"comment_status":"","ping_status":"","sticky":false,"template":"","format":"standard","meta":{"footnotes":"","_share_on_mastodon":"0"},"categories":[18],"tags":[37,33,35,34,36,3193,190,159,158],"class_list":["post-257784","post","type-post","status-publish","format-standard","has-post-thumbnail","category-sport","tag-ee","tag-eesti","tag-eesti-keel","tag-estonia","tag-estonian","tag-kadi-kullerkann","tag-kunst","tag-sport","tag-sports"],"share_on_mastodon":{"url":"https:\/\/pubeurope.com\/@ee\/117135511591964823","error":""},"_links":{"self":[{"href":"https:\/\/www.europesays.com\/ee\/wp-json\/wp\/v2\/posts\/257784","targetHints":{"allow":["GET"]}}],"collection":[{"href":"https:\/\/www.europesays.com\/ee\/wp-json\/wp\/v2\/posts"}],"about":[{"href":"https:\/\/www.europesays.com\/ee\/wp-json\/wp\/v2\/types\/post"}],"author":[{"embeddable":true,"href":"https:\/\/www.europesays.com\/ee\/wp-json\/wp\/v2\/users\/2"}],"replies":[{"embeddable":true,"href":"https:\/\/www.europesays.com\/ee\/wp-json\/wp\/v2\/comments?post=257784"}],"version-history":[{"count":0,"href":"https:\/\/www.europesays.com\/ee\/wp-json\/wp\/v2\/posts\/257784\/revisions"}],"wp:featuredmedia":[{"embeddable":true,"href":"https:\/\/www.europesays.com\/ee\/wp-json\/wp\/v2\/media\/257785"}],"wp:attachment":[{"href":"https:\/\/www.europesays.com\/ee\/wp-json\/wp\/v2\/media?parent=257784"}],"wp:term":[{"taxonomy":"category","embeddable":true,"href":"https:\/\/www.europesays.com\/ee\/wp-json\/wp\/v2\/categories?post=257784"},{"taxonomy":"post_tag","embeddable":true,"href":"https:\/\/www.europesays.com\/ee\/wp-json\/wp\/v2\/tags?post=257784"}],"curies":[{"name":"wp","href":"https:\/\/api.w.org\/{rel}","templated":true}]}}