{"id":257896,"date":"2026-08-22T04:12:10","date_gmt":"2026-08-22T04:12:10","guid":{"rendered":"https:\/\/www.europesays.com\/ee\/257896\/"},"modified":"2026-08-22T04:12:10","modified_gmt":"2026-08-22T04:12:10","slug":"ukraina-suutas-ohurunnakuga-vene-naftatootlemistehase-ja-logistikakeskuse-valismaa","status":"publish","type":"post","link":"https:\/\/www.europesays.com\/ee\/257896\/","title":{"rendered":"Ukraina s\u00fc\u00fctas \u00f5hur\u00fcnnakuga Vene naftat\u00f6\u00f6tlemistehase ja logistikakeskuse | V\u00e4lismaa"},"content":{"rendered":"<p>Ukraina relvaj\u00f5ud korraldasid \u00f6\u00f6l vastu laup\u00e4eva \u00f5hur\u00fcnnaku Venemaa Samaara oblastile, tabades seal suurt naftat\u00f6\u00f6tlemistehast ning veebikaubandusettev\u00f5tte Ozon logistikakeskust, teatasid vene \u00fchismeediakanalid.<\/p>\n<p>Kohalike elanike sotsiaalmeediasse postitatud fotodel ja videotes on n\u00e4ha, kuidas r\u00fcnnaku alla j\u00e4\u00e4nud Novokuib\u00f5\u0161evski naftat\u00f6\u00f6tlemistehasest t\u00f5useb paksu musta suitsu.<\/p>\n<blockquote class=\"twitter-tweet\">\n<p lang=\"en\" dir=\"ltr\">Novokuybyshevsk Oil Refinery last night and now. <a href=\"https:\/\/t.co\/aZmL7M8wBe\" rel=\"nofollow\">pic.twitter.com\/aZmL7M8wBe<\/a><\/p>\n<p>\u2014 Exilenova+ (@Exilenova_plus) <a href=\"https:\/\/x.com\/Exilenova_plus\/status\/2090982626882699278?ref_src=twsrc%5Etfw\" rel=\"nofollow\">August 22, 2026<\/a><\/p><\/blockquote>\n<p>Tehase tootmisv\u00f5imsus on 8,8 miljonit tonni naftat aastas, mis teeb sellest \u00fche Venemaa k\u00fcmnest suurimast naftat\u00f6\u00f6tlemistehasest. Seda on ka varem tabanud Ukraina \u00f5hur\u00fcnnakud. Tehas toodab bensiini, diislik\u00fctust ja masuuti.<\/p>\n<p>Hiljem puhkes suurt tulekahju ka naaberlinnas T\u0161apajevskis asuvas laos. V\u00e4idetavalt kuulub rajatis Venemaa e-kaubandushiiglasele Ozon, mis on Venemaa suurima veebikaubandusettev\u00f5tte Wildberries konkurent.<\/p>\n<blockquote class=\"twitter-tweet\">\n<p lang=\"en\" dir=\"ltr\">Locals report that Ozon warehouse was attacked in Samara. <a href=\"https:\/\/t.co\/QnaFBpg0NE\" rel=\"nofollow\">pic.twitter.com\/QnaFBpg0NE<\/a><\/p>\n<p>\u2014 Exilenova+ (@Exilenova_plus) <a href=\"https:\/\/x.com\/Exilenova_plus\/status\/2090976122112704673?ref_src=twsrc%5Etfw\" rel=\"nofollow\">August 22, 2026<\/a><\/p><\/blockquote>\n<p>Wildberries om viimastel n\u00e4dalatel olnud Ukraina pidevate \u00f5hur\u00fcnnakute all, selle <a href=\"https:\/\/www.err.ee\/1610116120\/kiviselg-venemaa-kaotused-uletavad-varvatute-arvu\" target=\"_blank\" rel=\"noopener nofollow\">k\u00fcmnest suurimast laost on tabamuse saanud seitse<\/a>, r\u00e4\u00e4kis reedel kaitseministeeriumi briifingul kaitsev\u00e4e luurekeskuse \u00fclem Ants Kiviselg.<\/p>\n<p>Tabamuse saanud objektid asuvad Ukraina rindejoonest umbes 900 kilomeetri kaugusel. Kuigi esialgu ei olnud selge, millist relvastust r\u00fcnnakus kasutati, korraldavad Ukraina v\u00e4ed regulaarselt kaugmaa droonir\u00fcnnakuid s\u00fcgaval Venemaa territooriumil asuvate sihtm\u00e4rkide vastu.<\/p>\n<p>R\u00fcnnakutest teatanud v\u00e4ljaanne <a href=\"https:\/\/kyivindependent.com\/major-oil-refinery-logistics-center-set-ablaze-in-reported-ukrainian-attack\/\" target=\"_blank\" rel=\"noopener nofollow\">The Kyiv Independent<\/a> tunnistas, et ei suuda teateid kohe s\u00f5ltumatult kontrollida. Ukraina s\u00f5jav\u00e4gi ei ole r\u00fcnnakut veel kommenteerinud.<\/p>\n<p>Samuti ei olnud esialgu teada, kui ulatuslikud on tekitatud kahjustused.<\/p>\n<p>Ukraina v\u00e4rskeim r\u00fcnnak leidis aset vaid p\u00e4ev p\u00e4rast seda, kui president Volod\u00f5m\u00f5r Zelenski kinnitas 21. augusti \u00f6\u00f6sel toimunud r\u00fcnnakut <a href=\"https:\/\/www.err.ee\/1610115547\/venemaa-runnakus-krovoi-rihi-kaubanduskeskusele-hukkus-vahemalt-14-inimest#permi\" target=\"_blank\" rel=\"noopener nofollow\">Venemaa Permi naftat\u00f6\u00f6tlemistehasele<\/a>. Perm asub Ukrainast ligikaudu 1500 kilomeetri kaugusel.<\/p>\n<p><script async src=\"https:\/\/platform.twitter.com\/widgets.js\" charset=\"utf-8\"><\/script><\/p>\n","protected":false},"excerpt":{"rendered":"Ukraina relvaj\u00f5ud korraldasid \u00f6\u00f6l vastu laup\u00e4eva \u00f5hur\u00fcnnaku Venemaa Samaara oblastile, tabades seal suurt naftat\u00f6\u00f6tlemistehast ning veebikaubandusettev\u00f5tte Ozon logistikakeskust,&hellip;\n","protected":false},"author":2,"featured_media":257897,"comment_status":"","ping_status":"","sticky":false,"template":"","format":"standard","meta":{"footnotes":"","_share_on_mastodon":"0"},"categories":[5],"tags":[26,27,37,33,35,34,36,31,32,21,28,29,19,26350,97152,25,100517,107,23,24,18396,22,20,82733,1929,30],"class_list":["post-257896","post","type-post","status-publish","format-standard","has-post-thumbnail","category-uldised-uudised","tag-breaking-news","tag-breakingnews","tag-ee","tag-eesti","tag-eesti-keel","tag-estonia","tag-estonian","tag-featured-news","tag-featurednews","tag-headlines","tag-latest-news","tag-latestnews","tag-news","tag-novokuibosevsk","tag-ozon","tag-populaarseimad-lood","tag-samaara-oblast","tag-soda-ukrainas","tag-top-stories","tag-topstories","tag-ukraina-ohurunnak","tag-uldised-uudised","tag-uudised","tag-vene-agressioonisoda-ukrainas","tag-vene-ukraina-soda","tag-viimased-uudised"],"share_on_mastodon":{"url":"https:\/\/pubeurope.com\/@ee\/117137214469611219","error":""},"_links":{"self":[{"href":"https:\/\/www.europesays.com\/ee\/wp-json\/wp\/v2\/posts\/257896","targetHints":{"allow":["GET"]}}],"collection":[{"href":"https:\/\/www.europesays.com\/ee\/wp-json\/wp\/v2\/posts"}],"about":[{"href":"https:\/\/www.europesays.com\/ee\/wp-json\/wp\/v2\/types\/post"}],"author":[{"embeddable":true,"href":"https:\/\/www.europesays.com\/ee\/wp-json\/wp\/v2\/users\/2"}],"replies":[{"embeddable":true,"href":"https:\/\/www.europesays.com\/ee\/wp-json\/wp\/v2\/comments?post=257896"}],"version-history":[{"count":0,"href":"https:\/\/www.europesays.com\/ee\/wp-json\/wp\/v2\/posts\/257896\/revisions"}],"wp:featuredmedia":[{"embeddable":true,"href":"https:\/\/www.europesays.com\/ee\/wp-json\/wp\/v2\/media\/257897"}],"wp:attachment":[{"href":"https:\/\/www.europesays.com\/ee\/wp-json\/wp\/v2\/media?parent=257896"}],"wp:term":[{"taxonomy":"category","embeddable":true,"href":"https:\/\/www.europesays.com\/ee\/wp-json\/wp\/v2\/categories?post=257896"},{"taxonomy":"post_tag","embeddable":true,"href":"https:\/\/www.europesays.com\/ee\/wp-json\/wp\/v2\/tags?post=257896"}],"curies":[{"name":"wp","href":"https:\/\/api.w.org\/{rel}","templated":true}]}}