{"id":257936,"date":"2026-08-22T05:37:11","date_gmt":"2026-08-22T05:37:11","guid":{"rendered":"https:\/\/www.europesays.com\/ee\/257936\/"},"modified":"2026-08-22T05:37:11","modified_gmt":"2026-08-22T05:37:11","slug":"marika-vaarik-avameelselt-mu-peamine-tunne-on-praegu-nukrus","status":"publish","type":"post","link":"https:\/\/www.europesays.com\/ee\/257936\/","title":{"rendered":"Marika Vaarik avameelselt: mu peamine tunne on praegu nukrus"},"content":{"rendered":"<p>Lehtla juurde on istutatud roosid ja m\u00f5ned p\u00f5\u00f5sad, vanad \u00f5unapuud kannavad endiselt vilja, isegi kui nad \u00fchel p\u00e4eval ei tahaks. V\u00e4ikese suvemaja taga kasvab rabarberite puhmas. On veel kirsipuu ja s\u00f5strap\u00f5\u00f5sad, kuid sealt ei nopita ise midagi. Marika isegi ei tea, kuidas tema aia kirsid maitsevad \u2013 k\u00f5ik j\u00e4etakse lindudele ja vaadatakse nende \u00f5gardlust. Kirsipuu nimi on seet\u00f5ttu hoopis linnupuu.<\/p>\n","protected":false},"excerpt":{"rendered":"Lehtla juurde on istutatud roosid ja m\u00f5ned p\u00f5\u00f5sad, vanad \u00f5unapuud kannavad endiselt vilja, isegi kui nad \u00fchel p\u00e4eval&hellip;\n","protected":false},"author":2,"featured_media":257937,"comment_status":"","ping_status":"","sticky":false,"template":"","format":"standard","meta":{"footnotes":"","_share_on_mastodon":"0"},"categories":[14],"tags":[131,130,37,33,35,34,36,11478,79100,21781,26817,177,100529],"class_list":["post-257936","post","type-post","status-publish","format-standard","has-post-thumbnail","category-ari","tag-ari","tag-business","tag-ee","tag-eesti","tag-eesti-keel","tag-estonia","tag-estonian","tag-koroonapandeemia","tag-marika-vaarik","tag-naitlejad","tag-patsifism","tag-teater","tag-teater-no99"],"share_on_mastodon":{"url":"https:\/\/pubeurope.com\/@ee\/117137548409700592","error":""},"_links":{"self":[{"href":"https:\/\/www.europesays.com\/ee\/wp-json\/wp\/v2\/posts\/257936","targetHints":{"allow":["GET"]}}],"collection":[{"href":"https:\/\/www.europesays.com\/ee\/wp-json\/wp\/v2\/posts"}],"about":[{"href":"https:\/\/www.europesays.com\/ee\/wp-json\/wp\/v2\/types\/post"}],"author":[{"embeddable":true,"href":"https:\/\/www.europesays.com\/ee\/wp-json\/wp\/v2\/users\/2"}],"replies":[{"embeddable":true,"href":"https:\/\/www.europesays.com\/ee\/wp-json\/wp\/v2\/comments?post=257936"}],"version-history":[{"count":0,"href":"https:\/\/www.europesays.com\/ee\/wp-json\/wp\/v2\/posts\/257936\/revisions"}],"wp:featuredmedia":[{"embeddable":true,"href":"https:\/\/www.europesays.com\/ee\/wp-json\/wp\/v2\/media\/257937"}],"wp:attachment":[{"href":"https:\/\/www.europesays.com\/ee\/wp-json\/wp\/v2\/media?parent=257936"}],"wp:term":[{"taxonomy":"category","embeddable":true,"href":"https:\/\/www.europesays.com\/ee\/wp-json\/wp\/v2\/categories?post=257936"},{"taxonomy":"post_tag","embeddable":true,"href":"https:\/\/www.europesays.com\/ee\/wp-json\/wp\/v2\/tags?post=257936"}],"curies":[{"name":"wp","href":"https:\/\/api.w.org\/{rel}","templated":true}]}}