{"id":257940,"date":"2026-08-22T05:49:08","date_gmt":"2026-08-22T05:49:08","guid":{"rendered":"https:\/\/www.europesays.com\/ee\/257940\/"},"modified":"2026-08-22T05:49:08","modified_gmt":"2026-08-22T05:49:08","slug":"eesti-mees-naitab-kuidas-bulgaarias-kauboikapitalismiga-ellu-jaada","status":"publish","type":"post","link":"https:\/\/www.europesays.com\/ee\/257940\/","title":{"rendered":"Eesti mees n\u00e4itab, kuidas Bulgaarias kauboikapitalismiga ellu j\u00e4\u00e4da"},"content":{"rendered":"<p>M\u00e4letan, kuidas sisenesin omal ajal \u00abMinu Bulgaariasse\u00bb suure elevusega. Alustada uue firma tegemist v\u00f5\u00f5ral maal t\u00e4iesti nullist ja sellega siis kinnisvarabuumi laineharjalt otse p\u00f5hja kukkuda ning ikkagi v\u00e4lja rabeleda? Eks iga \u00abMinu\u00bb sarja raamat ole omamoodi maailm, aga see tundus kuidagi eriti p\u00f5nev.<\/p>\n<p>Ning ma ei pidanud pettuma. Raamatus on k\u00fcllaga lugusid: n\u00e4iteks kuidas saada v\u00e4lja laenutatud ja kaduma l\u00e4inud tellingud j\u00f5umeetoditega tagasi? Janeki firma tegeleski \u2013 ja tegeleb siiani \u2013 t\u00f6\u00f6riistade laenutusega.<\/p>\n<p><img decoding=\"async\" class=\"figure__image\" onclick=\"triggerEvent('articleImageClick', { id: 17565658, focus: 'single-image', focusIndex: '17565658' })\" onkeydown=\"if (event.key === 'Enter') {&#10;        triggerEvent('articleImageClick', { id: 17565658, focus: 'single-image', focusIndex: '17565658' })&#10;        }\" role=\"button\" tabindex=\"0\" data-focus-from=\"single-image\" data-focus-index=\"17565658\" src=\"https:\/\/www.europesays.com\/ee\/wp-content\/uploads\/2026\/08\/17565658t1h09fc.jpg\"  onload=\"this.parentElement.classList.remove('figure__image-loading')\" alt=\"Janek Bal\u00f5nski, \u00abMinu Bulgaaria\u00bb.\"\/>Janek Bal\u00f5nski, \u00abMinu Bulgaaria\u00bb. Foto: Raamat<\/p>\n<p>P\u00e4rast raamatu l\u00e4bilugemist j\u00e4in huviga ootama, milline siis on Janek inimesena. Kas on kauboikapitalismi maneerid ja j\u00f5ulisus kaugele tunda? Esimesel hetkel, kui me enne esitlust kohtusime, pidin t\u00f5dema, et tegu on r\u00f5\u00f5msameelse p\u00e4ikesepoisiga. Aga kohe selgus, et selle kesta all elab alfamees, kes asus Rahva Raamatu pandud toole \u00fcmber korraldama. Ma olen olnud k\u00fcmnetel esitlustel ja julgen v\u00e4ita, et sellist f\u00fc\u00fcsiliselt k\u00e4ed-k\u00fclge-teen-\u00fcmber autorit ei kohta peaaegu mitte kunagi.<\/p>\n<p>Teen n\u00fc\u00fcd l\u00fchi\u00fclevaate kildudest, mida raamatust p\u00e4ris sel kujul ei leia, aga mis esitlusel jutuks tulid.<\/p>\n<p>\u2013 Miks Janek firma algusajal taksoga m\u00f6\u00f6da linnasid s\u00f5ites kontorikohti otsis? Kas poleks m\u00f5ttekam olnud kasutada m\u00f5nda kinnisvarasaiti? Vastus: aga meile tuntud l\u00e4\u00e4nelikke kinnisvarasaite Bulgaarias lihtsalt polnud aastal 2006 olemas. Nii palju \u00ab\u00e4riteenuseid\u00bb oli puudu ja tuli alles luua. \u00dcks neist oli see t\u00f6\u00f6riistalaenutus, mille peale Janek panustas.<\/p>\n","protected":false},"excerpt":{"rendered":"M\u00e4letan, kuidas sisenesin omal ajal \u00abMinu Bulgaariasse\u00bb suure elevusega. Alustada uue firma tegemist v\u00f5\u00f5ral maal t\u00e4iesti nullist ja&hellip;\n","protected":false},"author":2,"featured_media":257941,"comment_status":"","ping_status":"","sticky":false,"template":"","format":"standard","meta":{"footnotes":"","_share_on_mastodon":"0"},"categories":[80],"tags":[100533,26,27,2310,37,33,35,3314,34,36,31,32,21,100530,89134,90389,28,29,95,14682,19,83623,25,3319,63443,100532,100531,23,24,22,20,3438,30,92,93,94],"class_list":["post-257940","post","type-post","status-publish","format-standard","has-post-thumbnail","category-maailm","tag-arikultuur","tag-breaking-news","tag-breakingnews","tag-bulgaaria","tag-ee","tag-eesti","tag-eesti-keel","tag-epp-petrone","tag-estonia","tag-estonian","tag-featured-news","tag-featurednews","tag-headlines","tag-janek-balonski","tag-kinnisvarabuum","tag-kinnisvarainvesteering","tag-latest-news","tag-latestnews","tag-maailm","tag-majanduskriis","tag-news","tag-petrone-print","tag-populaarseimad-lood","tag-raamatuarvustus","tag-reisiraamat","tag-roma-kogukond","tag-tooriistalaenutus","tag-top-stories","tag-topstories","tag-uldised-uudised","tag-uudised","tag-vaikeettevotlus","tag-viimased-uudised","tag-world","tag-world-news","tag-worldnews"],"share_on_mastodon":{"url":"","error":"Validation failed: Text character limit of 500 exceeded"},"_links":{"self":[{"href":"https:\/\/www.europesays.com\/ee\/wp-json\/wp\/v2\/posts\/257940","targetHints":{"allow":["GET"]}}],"collection":[{"href":"https:\/\/www.europesays.com\/ee\/wp-json\/wp\/v2\/posts"}],"about":[{"href":"https:\/\/www.europesays.com\/ee\/wp-json\/wp\/v2\/types\/post"}],"author":[{"embeddable":true,"href":"https:\/\/www.europesays.com\/ee\/wp-json\/wp\/v2\/users\/2"}],"replies":[{"embeddable":true,"href":"https:\/\/www.europesays.com\/ee\/wp-json\/wp\/v2\/comments?post=257940"}],"version-history":[{"count":0,"href":"https:\/\/www.europesays.com\/ee\/wp-json\/wp\/v2\/posts\/257940\/revisions"}],"wp:featuredmedia":[{"embeddable":true,"href":"https:\/\/www.europesays.com\/ee\/wp-json\/wp\/v2\/media\/257941"}],"wp:attachment":[{"href":"https:\/\/www.europesays.com\/ee\/wp-json\/wp\/v2\/media?parent=257940"}],"wp:term":[{"taxonomy":"category","embeddable":true,"href":"https:\/\/www.europesays.com\/ee\/wp-json\/wp\/v2\/categories?post=257940"},{"taxonomy":"post_tag","embeddable":true,"href":"https:\/\/www.europesays.com\/ee\/wp-json\/wp\/v2\/tags?post=257940"}],"curies":[{"name":"wp","href":"https:\/\/api.w.org\/{rel}","templated":true}]}}