{"id":257992,"date":"2026-08-22T07:29:11","date_gmt":"2026-08-22T07:29:11","guid":{"rendered":"https:\/\/www.europesays.com\/ee\/257992\/"},"modified":"2026-08-22T07:29:11","modified_gmt":"2026-08-22T07:29:11","slug":"jurgen-ligi-siim-kallas-oli-majakas-kes-naitas-teed-turumajandusele","status":"publish","type":"post","link":"https:\/\/www.europesays.com\/ee\/257992\/","title":{"rendered":"J\u00fcrgen Ligi: Siim Kallas oli majakas, kes n\u00e4itas teed turumajandusele"},"content":{"rendered":"<p>\u201eSiim Kallas oli majakas, kes oma karismaga n\u00e4itas poliitikas teed turumajandusele,\u201c kirjutas Ligi sotsiaalmeedias.<\/p>\n<p>Ligi s\u00f5nul v\u00f5inuks Eesti 1980. aastate l\u00f5pus valida ka teistsuguse tee: j\u00f5uda \u201epoolmajanduse\u201c, parteilise isemajandamise, liidulepingu v\u00f5i konverteeritava rublani. Kallas astus tema hinnangul neile ideedele vastu.<\/p>\n<p>\u201eSiimult hakkasid poliitikas esimesena k\u00f5lama k\u00f5ige klaarimad majanduss\u00f5numid, mis kahem\u00f5ttelisusele ei j\u00e4tnud ruumi,\u201c kirjutas Ligi. Ta meenutas, et noore majandustudengina n\u00e4gi ta Kallases juhti, kes sidus kaasaegsed majandusteooriad praktilise poliitikaga.<\/p>\n<p>Ligi t\u00f5stis esile 1992. aasta juuni rahareformi, mida Kallas Eesti Panga presidendina vedas. \u201eSee l\u00f5i 1992. aasta juunis pildi Eestis \u00fcle\u00f6\u00f6 klaariks, t\u00f5i sularahamasside ja t\u00fchjade riiulite tagant v\u00e4lja n\u00f5ukoguliku vaesuse,\u201c kirjutas ta.<\/p>\n<p>Tema s\u00f5nul sai Kallasel Eesti Panga presidendina <a rel=\"noopener nofollow\" target=\"_blank\" href=\"https:\/\/www.delfi.ee\/teema\/43328643\/majanduspoliitika\" tag-id=\"43328643\">majanduspoliitika<\/a> liidrina koondada enda \u00fcmber inimesed, kes m\u00f5istsid majandust poliitikas tavap\u00e4rasest paremini. Nende s\u00f5num oli, et vabadus ja konkurents loovad heaolu ning v\u00f5idelda tuleb eelk\u00f5ige sissetulekute, mitte hindadega.<\/p>\n<p>Ligi meenutas ka Reformierakonna s\u00fcndi. 1994. aastal osales ta Saaremaal kohtumisel, kus arutati peatselt loodava erakonna kohaliku organisatsiooni k\u00e4ivitamist.<\/p>\n<p>Kuigi \u00fchiskond on Ligi hinnangul aastatega muutunud ning majandusvabaduste k\u00f5rval v\u00e4\u00e4rtustatakse rohkem turvalisust ja kestlikkust, on tema s\u00f5nul liiga paljud majanduse algt\u00f5ed ununenud. \u201eSiimul on ka kopeerijad, kes \u00fcheksak\u00fcmnendatest targemaks pole saanud ja opereerivad populismi paremas servas,\u201c kirjutas ta.<\/p>\n<p>Ligi s\u00f5nul ei pidanud Kallas olema liider \u00fcksi ega kaua, sest suutis enda \u00fcmber luua tugeva meeskonna. \u201eSiimu roll selles, et Eesti on k\u00f5ige kvaliteetsem \u00fchiskond endiste sotsialismimaade seas ja troonib j\u00f5ukuses k\u00f5rvuti vaid paari teise tipuga, ei saa muutustele vaatamata ununeda.\u201c<\/p>\n<p>Kuidas see lugu Sind end tundma pani?Saada<\/p>\n","protected":false},"excerpt":{"rendered":"\u201eSiim Kallas oli majakas, kes oma karismaga n\u00e4itas poliitikas teed turumajandusele,\u201c kirjutas Ligi sotsiaalmeedias. Ligi s\u00f5nul v\u00f5inuks Eesti&hellip;\n","protected":false},"author":2,"featured_media":257993,"comment_status":"","ping_status":"","sticky":false,"template":"","format":"standard","meta":{"footnotes":"","_share_on_mastodon":"0"},"categories":[12],"tags":[26,27,37,33,35,2183,34,36,31,32,21,746,28,29,7326,19,25,18254,643,1635,23,24,15266,22,20,30],"class_list":["post-257992","post","type-post","status-publish","format-standard","has-post-thumbnail","category-eesti","tag-breaking-news","tag-breakingnews","tag-ee","tag-eesti","tag-eesti-keel","tag-eesti-pank","tag-estonia","tag-estonian","tag-featured-news","tag-featurednews","tag-headlines","tag-jurgen-ligi","tag-latest-news","tag-latestnews","tag-majanduspoliitika","tag-news","tag-populaarseimad-lood","tag-rahareform","tag-reformierakond","tag-siim-kallas","tag-top-stories","tag-topstories","tag-turumajandus","tag-uldised-uudised","tag-uudised","tag-viimased-uudised"],"share_on_mastodon":{"url":"https:\/\/pubeurope.com\/@ee\/117137989067695978","error":""},"_links":{"self":[{"href":"https:\/\/www.europesays.com\/ee\/wp-json\/wp\/v2\/posts\/257992","targetHints":{"allow":["GET"]}}],"collection":[{"href":"https:\/\/www.europesays.com\/ee\/wp-json\/wp\/v2\/posts"}],"about":[{"href":"https:\/\/www.europesays.com\/ee\/wp-json\/wp\/v2\/types\/post"}],"author":[{"embeddable":true,"href":"https:\/\/www.europesays.com\/ee\/wp-json\/wp\/v2\/users\/2"}],"replies":[{"embeddable":true,"href":"https:\/\/www.europesays.com\/ee\/wp-json\/wp\/v2\/comments?post=257992"}],"version-history":[{"count":0,"href":"https:\/\/www.europesays.com\/ee\/wp-json\/wp\/v2\/posts\/257992\/revisions"}],"wp:featuredmedia":[{"embeddable":true,"href":"https:\/\/www.europesays.com\/ee\/wp-json\/wp\/v2\/media\/257993"}],"wp:attachment":[{"href":"https:\/\/www.europesays.com\/ee\/wp-json\/wp\/v2\/media?parent=257992"}],"wp:term":[{"taxonomy":"category","embeddable":true,"href":"https:\/\/www.europesays.com\/ee\/wp-json\/wp\/v2\/categories?post=257992"},{"taxonomy":"post_tag","embeddable":true,"href":"https:\/\/www.europesays.com\/ee\/wp-json\/wp\/v2\/tags?post=257992"}],"curies":[{"name":"wp","href":"https:\/\/api.w.org\/{rel}","templated":true}]}}