{"id":258060,"date":"2026-08-22T09:27:10","date_gmt":"2026-08-22T09:27:10","guid":{"rendered":"https:\/\/www.europesays.com\/ee\/258060\/"},"modified":"2026-08-22T09:27:10","modified_gmt":"2026-08-22T09:27:10","slug":"elva-taiendas-ridu-24-aastase-togo-mangijaga-soccernet-ee","status":"publish","type":"post","link":"https:\/\/www.europesays.com\/ee\/258060\/","title":{"rendered":"Elva t\u00e4iendas ridu 24-aastase Togo m\u00e4ngijaga &#8211; Soccernet.ee"},"content":{"rendered":"<p><img decoding=\"async\" src=\"https:\/\/www.europesays.com\/ee\/wp-content\/uploads\/2026\/08\/1787381469.png\" alt=\"Yawo Agbowoatsi. Foto: FC Elva \/ Facebook\"\/>&#13;\n<\/p>\n<p>Esiliigas neljandal kohal paiknev FC Elva v\u00f5ttis\u00a0Trivela FC Togost laenule 24-aastase Togo kaitsja\u00a0Yawo Agbowoatsi.<\/p>\n<p>&#8220;Minu soov on koos FC Elva meeskonnaga areneda, saavutada h\u00e4id tulemusi Esiliigas ja anda oma panus klubi edusse. Soovin h\u00e4sti kogukonda sulanduda, austada k\u00f5iki enda \u00fcmber ning tuua positiivset energiat nii v\u00e4ljakul kui ka v\u00e4ljaspool seda. Annan endast alati maksimumi ja t\u00f6\u00f6tan k\u00f5vasti, et aidata meeskonnal j\u00f5uda k\u00f5rgemale!&#8221; kommenteeris Agbowoatsi Elva <a href=\"https:\/\/www.facebook.com\/photo?fbid=1707147958078577&amp;set=a.502613751865343\" target=\"_blank\" rel=\"nofollow noopener\">Facebooki lehele<\/a>.&#13;\n<\/p>\n<p>Oma tegevuste kohta vabal ajal s\u00f5nas ta: &#8220;Mulle meeldib k\u00e4ia jooksmas ja \u00f5pin aktiivselt inglise keelt. Naudin ka jalgpalli vaatamist!&#8221;&#13;\n<\/p>\n<p>Viimasest seitsmest liigam\u00e4ngust ainult \u00fche kaotanud Elva on j\u00f5udnud hetkel Premium liiga \u00fcleminekum\u00e4ngudele viivast teisest kohast ehk Viimsi JK-st nelja punkti kaugusele.<\/p>\n","protected":false},"excerpt":{"rendered":"&#13; Esiliigas neljandal kohal paiknev FC Elva v\u00f5ttis\u00a0Trivela FC Togost laenule 24-aastase Togo kaitsja\u00a0Yawo Agbowoatsi. &#8220;Minu soov on&hellip;\n","protected":false},"author":2,"featured_media":258061,"comment_status":"","ping_status":"","sticky":false,"template":"","format":"standard","meta":{"footnotes":"","_share_on_mastodon":"0"},"categories":[18],"tags":[100560,37,33,35,897,1466,34,36,3970,159,158,100561],"class_list":["post-258060","post","type-post","status-publish","format-standard","has-post-thumbnail","category-sport","tag-agbowoatsi","tag-ee","tag-eesti","tag-eesti-keel","tag-elva","tag-esiliiga","tag-estonia","tag-estonian","tag-fc-elva","tag-sport","tag-sports","tag-yawo-agbowoatsi"],"share_on_mastodon":{"url":"https:\/\/pubeurope.com\/@ee\/117138453539283339","error":""},"_links":{"self":[{"href":"https:\/\/www.europesays.com\/ee\/wp-json\/wp\/v2\/posts\/258060","targetHints":{"allow":["GET"]}}],"collection":[{"href":"https:\/\/www.europesays.com\/ee\/wp-json\/wp\/v2\/posts"}],"about":[{"href":"https:\/\/www.europesays.com\/ee\/wp-json\/wp\/v2\/types\/post"}],"author":[{"embeddable":true,"href":"https:\/\/www.europesays.com\/ee\/wp-json\/wp\/v2\/users\/2"}],"replies":[{"embeddable":true,"href":"https:\/\/www.europesays.com\/ee\/wp-json\/wp\/v2\/comments?post=258060"}],"version-history":[{"count":0,"href":"https:\/\/www.europesays.com\/ee\/wp-json\/wp\/v2\/posts\/258060\/revisions"}],"wp:featuredmedia":[{"embeddable":true,"href":"https:\/\/www.europesays.com\/ee\/wp-json\/wp\/v2\/media\/258061"}],"wp:attachment":[{"href":"https:\/\/www.europesays.com\/ee\/wp-json\/wp\/v2\/media?parent=258060"}],"wp:term":[{"taxonomy":"category","embeddable":true,"href":"https:\/\/www.europesays.com\/ee\/wp-json\/wp\/v2\/categories?post=258060"},{"taxonomy":"post_tag","embeddable":true,"href":"https:\/\/www.europesays.com\/ee\/wp-json\/wp\/v2\/tags?post=258060"}],"curies":[{"name":"wp","href":"https:\/\/api.w.org\/{rel}","templated":true}]}}