{"id":258092,"date":"2026-08-22T10:12:18","date_gmt":"2026-08-22T10:12:18","guid":{"rendered":"https:\/\/www.europesays.com\/ee\/258092\/"},"modified":"2026-08-22T10:12:18","modified_gmt":"2026-08-22T10:12:18","slug":"reisikiri-kige-johkrama-mulje-jatsid-peavaravast-sisse-viivad-raudteeroopad-krakow-pakub-ilusat-vanalinna-lahedal-asuvat-loodust-ja-kurikuulsat-auschwitzi","status":"publish","type":"post","link":"https:\/\/www.europesays.com\/ee\/258092\/","title":{"rendered":"REISIKIRI | \u201eKige j\u00f5hkrama mulje j\u00e4tsid peav\u00e4ravast sisse viivad raudteer\u00f6\u00f6pad.\u201c Krak\u00f3w pakub ilusat vanalinna, l\u00e4hedal asuvat loodust ja kurikuulsat Auschwitzi"},"content":{"rendered":"<p><img decoding=\"async\" src=\"https:\/\/www.europesays.com\/ee\/wp-content\/uploads\/2026\/08\/b9d1e8ac-6a85-4c9b-9f79-a29e3e452b2a.jpg\" loading=\"lazy\" alt=\"Raudteet\u00f6\u00f6pad, mis viivad Auschwitzis Birkenau h\u00e4vituslaagrisse.\"\/><\/p>\n<p>Raudteet\u00f6\u00f6pad, mis viivad Auschwitzis Birkenau h\u00e4vituslaagrisse.<\/p>\n<p>FOTO: Erakogu| Delfi Meedia<\/p>\n<p>Paark\u00fcmmend aastat tagasi r\u00e4\u00e4kisid autodega Euroopasse reisile l\u00e4inud eestlased Poolast ja selle teedev\u00f5rgust ikka hirmulugusid. Esiteks olid teed kehvas seisus. Teiseks on riik suur ja selle l\u00e4bimine oli seet\u00f5ttu vaevarikas. \u00dchtlasi kippus sealne politsei aeg-ajalt v\u00f5\u00f5raste numbrim\u00e4rkidega k\u00fclalisi ilma p\u00f5hjuseta kimbutama. <\/p>\n","protected":false},"excerpt":{"rendered":"Raudteet\u00f6\u00f6pad, mis viivad Auschwitzis Birkenau h\u00e4vituslaagrisse. FOTO: Erakogu| Delfi Meedia Paark\u00fcmmend aastat tagasi r\u00e4\u00e4kisid autodega Euroopasse reisile l\u00e4inud&hellip;\n","protected":false},"author":2,"featured_media":258093,"comment_status":"","ping_status":"","sticky":false,"template":"","format":"standard","meta":{"footnotes":"","_share_on_mastodon":"0"},"categories":[14],"tags":[131,130,37,33,35,34,36,22937,111,10178],"class_list":["post-258092","post","type-post","status-publish","format-standard","has-post-thumbnail","category-ari","tag-ari","tag-business","tag-ee","tag-eesti","tag-eesti-keel","tag-estonia","tag-estonian","tag-krakow","tag-poola","tag-reisikiri"],"share_on_mastodon":{"url":"https:\/\/pubeurope.com\/@ee\/117138630417572499","error":""},"_links":{"self":[{"href":"https:\/\/www.europesays.com\/ee\/wp-json\/wp\/v2\/posts\/258092","targetHints":{"allow":["GET"]}}],"collection":[{"href":"https:\/\/www.europesays.com\/ee\/wp-json\/wp\/v2\/posts"}],"about":[{"href":"https:\/\/www.europesays.com\/ee\/wp-json\/wp\/v2\/types\/post"}],"author":[{"embeddable":true,"href":"https:\/\/www.europesays.com\/ee\/wp-json\/wp\/v2\/users\/2"}],"replies":[{"embeddable":true,"href":"https:\/\/www.europesays.com\/ee\/wp-json\/wp\/v2\/comments?post=258092"}],"version-history":[{"count":0,"href":"https:\/\/www.europesays.com\/ee\/wp-json\/wp\/v2\/posts\/258092\/revisions"}],"wp:featuredmedia":[{"embeddable":true,"href":"https:\/\/www.europesays.com\/ee\/wp-json\/wp\/v2\/media\/258093"}],"wp:attachment":[{"href":"https:\/\/www.europesays.com\/ee\/wp-json\/wp\/v2\/media?parent=258092"}],"wp:term":[{"taxonomy":"category","embeddable":true,"href":"https:\/\/www.europesays.com\/ee\/wp-json\/wp\/v2\/categories?post=258092"},{"taxonomy":"post_tag","embeddable":true,"href":"https:\/\/www.europesays.com\/ee\/wp-json\/wp\/v2\/tags?post=258092"}],"curies":[{"name":"wp","href":"https:\/\/api.w.org\/{rel}","templated":true}]}}