{"id":258102,"date":"2026-08-22T10:25:10","date_gmt":"2026-08-22T10:25:10","guid":{"rendered":"https:\/\/www.europesays.com\/ee\/258102\/"},"modified":"2026-08-22T10:25:10","modified_gmt":"2026-08-22T10:25:10","slug":"galerii-ja-video-%e2%9f%a9-rapina-perepaev-toi-kogukonna-kokku-ja-kutsus-toetama-haigeid-lapsi","status":"publish","type":"post","link":"https:\/\/www.europesays.com\/ee\/258102\/","title":{"rendered":"GALERII JA VIDEO \u27e9 R\u00e4pina perep\u00e4ev t\u00f5i kogukonna kokku ja kutsus toetama haigeid lapsi"},"content":{"rendered":"<p class=\"isSelectedEnd\">Taasiseisvumisp\u00e4eval peetud perep\u00e4eva s\u00fcndmused toimusid nii R\u00e4pina staadionil, noortekeskuses, raamatukogus, madalseiklusraja juures kui ka Kaurim\u00e4el. P\u00e4eva keskmes oli kaheksa punktiga seiklusm\u00e4ng, milles osalejad pidid l\u00e4bima erinevaid \u00fclesandeid vibulaskmisest ja kettagolfi t\u00e4psusvisetest elektrit\u00f5uksi vigurs\u00f5idu ja vimkaga takistusrajani.<\/p>\n","protected":false},"excerpt":{"rendered":"Taasiseisvumisp\u00e4eval peetud perep\u00e4eva s\u00fcndmused toimusid nii R\u00e4pina staadionil, noortekeskuses, raamatukogus, madalseiklusraja juures kui ka Kaurim\u00e4el. P\u00e4eva keskmes oli&hellip;\n","protected":false},"author":2,"featured_media":258103,"comment_status":"","ping_status":"","sticky":false,"template":"","format":"standard","meta":{"footnotes":"","_share_on_mastodon":"0"},"categories":[12],"tags":[26,27,37,33,35,34,36,31,32,21,2891,28,29,19,25,100566,100563,100565,100564,33196,23,24,22,20,30],"class_list":["post-258102","post","type-post","status-publish","format-standard","has-post-thumbnail","category-eesti","tag-breaking-news","tag-breakingnews","tag-ee","tag-eesti","tag-eesti-keel","tag-estonia","tag-estonian","tag-featured-news","tag-featurednews","tag-headlines","tag-heategevus","tag-latest-news","tag-latestnews","tag-news","tag-populaarseimad-lood","tag-rahumae-sinilinnud","tag-rapina-kogukonna-perepaev","tag-rapina-noortekeskus","tag-rapina-noortevolikogu","tag-sa-tartu-ulikooli-kliinikumi-lastefond","tag-top-stories","tag-topstories","tag-uldised-uudised","tag-uudised","tag-viimased-uudised"],"share_on_mastodon":{"url":"https:\/\/pubeurope.com\/@ee\/117138681064671013","error":""},"_links":{"self":[{"href":"https:\/\/www.europesays.com\/ee\/wp-json\/wp\/v2\/posts\/258102","targetHints":{"allow":["GET"]}}],"collection":[{"href":"https:\/\/www.europesays.com\/ee\/wp-json\/wp\/v2\/posts"}],"about":[{"href":"https:\/\/www.europesays.com\/ee\/wp-json\/wp\/v2\/types\/post"}],"author":[{"embeddable":true,"href":"https:\/\/www.europesays.com\/ee\/wp-json\/wp\/v2\/users\/2"}],"replies":[{"embeddable":true,"href":"https:\/\/www.europesays.com\/ee\/wp-json\/wp\/v2\/comments?post=258102"}],"version-history":[{"count":0,"href":"https:\/\/www.europesays.com\/ee\/wp-json\/wp\/v2\/posts\/258102\/revisions"}],"wp:featuredmedia":[{"embeddable":true,"href":"https:\/\/www.europesays.com\/ee\/wp-json\/wp\/v2\/media\/258103"}],"wp:attachment":[{"href":"https:\/\/www.europesays.com\/ee\/wp-json\/wp\/v2\/media?parent=258102"}],"wp:term":[{"taxonomy":"category","embeddable":true,"href":"https:\/\/www.europesays.com\/ee\/wp-json\/wp\/v2\/categories?post=258102"},{"taxonomy":"post_tag","embeddable":true,"href":"https:\/\/www.europesays.com\/ee\/wp-json\/wp\/v2\/tags?post=258102"}],"curies":[{"name":"wp","href":"https:\/\/api.w.org\/{rel}","templated":true}]}}