{"id":258128,"date":"2026-08-22T11:16:14","date_gmt":"2026-08-22T11:16:14","guid":{"rendered":"https:\/\/www.europesays.com\/ee\/258128\/"},"modified":"2026-08-22T11:16:14","modified_gmt":"2026-08-22T11:16:14","slug":"ingrid-mand-elab-kallimaga-harmoonilist-kooselu-mina-olen-tulehark-aga-talle-see-meeldib","status":"publish","type":"post","link":"https:\/\/www.europesays.com\/ee\/258128\/","title":{"rendered":"Ingrid M\u00e4nd elab kallimaga harmoonilist kooselu. \u201eMina olen tulehark, aga talle see meeldib!\u201c"},"content":{"rendered":"<p>Ingrid M\u00e4nd on juba neli aastat \u00f5nnelikus suhtes. Pikast kooselust hoolimata pole ta oma kallimast liialt palju r\u00e4\u00e4kinud. Senini. \u201eMina olen tulehark, emotsioonide virvarr, kunagi ei tea, mis teda kodus ees ootab. Aga talle see meeldib, sest kui mul on emotsionaalselt raske, siis ta lihtsalt tuleb ja rahustab mind hetkega,\u201c kirjeldab Ingrid M\u00e4nd Instagramis detailselt kooselu kallimaga.<\/p>\n<p>Ingridi s\u00f5nutsi on tema k\u00f5rval olev mees rahulik ja \u00fclihea kuulaja, kes m\u00f5tleb alati kaasa, isegi siis, kui Ingrid \u00fcritab arutleda n\u00e4iteks juuksev\u00e4rvi v\u00f5i manik\u00fc\u00fcri teemadel. \u201eTa on \u00fclitoetav k\u00f5iges, aga kui talle miski ei meeldi, mida teen, siis v\u00e4ljendab ta seda ja p\u00f5hjendab,\u201c r\u00e4\u00e4kis Ingrid elukaaslasest, kes ka erimeelsuste ja mistahes otsuste kiuste alati toetab teda.<\/p>\n<p><a href=\"https:\/\/kroonika.delfi.ee\/artikkel\/120605358\/ingrid-mand-elab-kallimaga-harmoonilist-kooselu-mina-olen-tulehark-aga-talle-see-meeldib\/kommentaarid\" class=\"button button--primary button--size-auto article-body-bottom__comment article-body-bottom__comment--write\" style=\"\" rel=\"nofollow noopener\" target=\"_blank\">Kommenteeri<\/a><a href=\"https:\/\/kroonika.delfi.ee\/artikkel\/120605358\/ingrid-mand-elab-kallimaga-harmoonilist-kooselu-mina-olen-tulehark-aga-talle-see-meeldib\/kommentaarid\" class=\"button button--size-auto article-body-bottom__comment article-body-bottom__comment--read\" style=\"\" rel=\"nofollow noopener\" target=\"_blank\">Loe kommentaare <\/a><\/p>\n","protected":false},"excerpt":{"rendered":"Ingrid M\u00e4nd on juba neli aastat \u00f5nnelikus suhtes. Pikast kooselust hoolimata pole ta oma kallimast liialt palju r\u00e4\u00e4kinud.&hellip;\n","protected":false},"author":2,"featured_media":258129,"comment_status":"","ping_status":"","sticky":false,"template":"","format":"standard","meta":{"footnotes":"","_share_on_mastodon":"0"},"categories":[16],"tags":[37,33,35,173,34,36,774,140],"class_list":["post-258128","post","type-post","status-publish","format-standard","has-post-thumbnail","category-meelelahutus","tag-ee","tag-eesti","tag-eesti-keel","tag-entertainment","tag-estonia","tag-estonian","tag-ingrid-mand","tag-meelelahutus"],"share_on_mastodon":{"url":"https:\/\/pubeurope.com\/@ee\/117138881760715508","error":""},"_links":{"self":[{"href":"https:\/\/www.europesays.com\/ee\/wp-json\/wp\/v2\/posts\/258128","targetHints":{"allow":["GET"]}}],"collection":[{"href":"https:\/\/www.europesays.com\/ee\/wp-json\/wp\/v2\/posts"}],"about":[{"href":"https:\/\/www.europesays.com\/ee\/wp-json\/wp\/v2\/types\/post"}],"author":[{"embeddable":true,"href":"https:\/\/www.europesays.com\/ee\/wp-json\/wp\/v2\/users\/2"}],"replies":[{"embeddable":true,"href":"https:\/\/www.europesays.com\/ee\/wp-json\/wp\/v2\/comments?post=258128"}],"version-history":[{"count":0,"href":"https:\/\/www.europesays.com\/ee\/wp-json\/wp\/v2\/posts\/258128\/revisions"}],"wp:featuredmedia":[{"embeddable":true,"href":"https:\/\/www.europesays.com\/ee\/wp-json\/wp\/v2\/media\/258129"}],"wp:attachment":[{"href":"https:\/\/www.europesays.com\/ee\/wp-json\/wp\/v2\/media?parent=258128"}],"wp:term":[{"taxonomy":"category","embeddable":true,"href":"https:\/\/www.europesays.com\/ee\/wp-json\/wp\/v2\/categories?post=258128"},{"taxonomy":"post_tag","embeddable":true,"href":"https:\/\/www.europesays.com\/ee\/wp-json\/wp\/v2\/tags?post=258128"}],"curies":[{"name":"wp","href":"https:\/\/api.w.org\/{rel}","templated":true}]}}