{"id":258150,"date":"2026-08-22T11:40:11","date_gmt":"2026-08-22T11:40:11","guid":{"rendered":"https:\/\/www.europesays.com\/ee\/258150\/"},"modified":"2026-08-22T11:40:11","modified_gmt":"2026-08-22T11:40:11","slug":"hollandi-gp-sprindi-voitis-russell-sarja-liider-antonelli-jai-poodiumilt-valja","status":"publish","type":"post","link":"https:\/\/www.europesays.com\/ee\/258150\/","title":{"rendered":"Hollandi GP sprindi v\u00f5itis Russell, sarja liider Antonelli j\u00e4i poodiumilt v\u00e4lja"},"content":{"rendered":"<p>28-aastane inglane alustas sprinti esikohalt ning hoidis liidripositsiooni k\u00f5ik 24 ringi ehk fini\u0161ini v\u00e4lja. Russelli j\u00e4rel sai teise koha <a rel=\"noopener nofollow\" target=\"_blank\" href=\"https:\/\/www.delfi.ee\/teema\/80366254\/charles-leclerc\" tag-id=\"80366254\">Charles Leclerc<\/a> (Ferrari), kes m\u00f6\u00f6dus 18. ringil valitsevast maailmameistrist Lando Norrisest (McLaren).<\/p>\n<p>Viiendana startinud MM-sarja liider Antonelli m\u00f6\u00f6dus kiirelt Oscar Piastrist (McLaren), aga rohkem tal kohta parandada ei \u00f5nnestunud. Norrise vastu itaallane viimastel ringidel liialt ohtlikuks ei saanud. Esikuuiku l\u00f5petasid Piastri ja Max Verstappen (Red Bull), punktilisa teenisid veel Lewis Hamilton (Ferrari) ja Pierre Gasly (Alpine).<\/p>\n<p><img decoding=\"async\" src=\"https:\/\/www.europesays.com\/ee\/wp-content\/uploads\/2026\/08\/96b34a49-bf23-4c30-b25c-2684f712058d.jpg\" loading=\"lazy\" alt=\"Hollandi GP sprint\"\/><\/p>\n<p>Sarja liidrina j\u00e4tkab Antonelli, kel koos 224 punkti. Hamilton p\u00fcsib teisel kohal (171 p), sprindi v\u00f5itnud Russell (168 p) hingab kaasmaalasele kuklasse.<\/p>\n<p>Hollandi GP kvalifikatsioon on kavas t\u00e4na kell 17. P\u00f5his\u00f5it algab p\u00fchap\u00e4eval Eesti aja j\u00e4rgi kell 16.<\/p>\n<p>Kuidas see lugu Sind end tundma pani?Saada<a href=\"https:\/\/sport.delfi.ee\/artikkel\/120605373\/hollandi-gp-sprindi-voitis-russell-sarja-liider-antonelli-jai-poodiumilt-valja\/kommentaarid\" class=\"button button--primary button--size-auto article-body-bottom__comment article-body-bottom__comment--write\" style=\"\" rel=\"nofollow noopener\" target=\"_blank\">Kommenteeri<\/a><a href=\"https:\/\/sport.delfi.ee\/artikkel\/120605373\/hollandi-gp-sprindi-voitis-russell-sarja-liider-antonelli-jai-poodiumilt-valja\/kommentaarid\" class=\"button button--size-auto article-body-bottom__comment article-body-bottom__comment--read\" style=\"\" rel=\"nofollow noopener\" target=\"_blank\">Loe kommentaare <\/a><\/p>\n","protected":false},"excerpt":{"rendered":"28-aastane inglane alustas sprinti esikohalt ning hoidis liidripositsiooni k\u00f5ik 24 ringi ehk fini\u0161ini v\u00e4lja. Russelli j\u00e4rel sai teise&hellip;\n","protected":false},"author":2,"featured_media":258151,"comment_status":"","ping_status":"","sticky":false,"template":"","format":"standard","meta":{"footnotes":"","_share_on_mastodon":"0"},"categories":[14],"tags":[131,130,4488,37,33,35,34,36,1956,19344,7595,4487],"class_list":["post-258150","post","type-post","status-publish","format-standard","has-post-thumbnail","category-ari","tag-ari","tag-business","tag-charles-leclerc","tag-ee","tag-eesti","tag-eesti-keel","tag-estonia","tag-estonian","tag-george-russell","tag-kimi-antonelli","tag-mercedes","tag-vormel-1"],"share_on_mastodon":{"url":"https:\/\/pubeurope.com\/@ee\/117138976347574365","error":""},"_links":{"self":[{"href":"https:\/\/www.europesays.com\/ee\/wp-json\/wp\/v2\/posts\/258150","targetHints":{"allow":["GET"]}}],"collection":[{"href":"https:\/\/www.europesays.com\/ee\/wp-json\/wp\/v2\/posts"}],"about":[{"href":"https:\/\/www.europesays.com\/ee\/wp-json\/wp\/v2\/types\/post"}],"author":[{"embeddable":true,"href":"https:\/\/www.europesays.com\/ee\/wp-json\/wp\/v2\/users\/2"}],"replies":[{"embeddable":true,"href":"https:\/\/www.europesays.com\/ee\/wp-json\/wp\/v2\/comments?post=258150"}],"version-history":[{"count":0,"href":"https:\/\/www.europesays.com\/ee\/wp-json\/wp\/v2\/posts\/258150\/revisions"}],"wp:featuredmedia":[{"embeddable":true,"href":"https:\/\/www.europesays.com\/ee\/wp-json\/wp\/v2\/media\/258151"}],"wp:attachment":[{"href":"https:\/\/www.europesays.com\/ee\/wp-json\/wp\/v2\/media?parent=258150"}],"wp:term":[{"taxonomy":"category","embeddable":true,"href":"https:\/\/www.europesays.com\/ee\/wp-json\/wp\/v2\/categories?post=258150"},{"taxonomy":"post_tag","embeddable":true,"href":"https:\/\/www.europesays.com\/ee\/wp-json\/wp\/v2\/tags?post=258150"}],"curies":[{"name":"wp","href":"https:\/\/api.w.org\/{rel}","templated":true}]}}