{"id":258208,"date":"2026-08-22T14:04:10","date_gmt":"2026-08-22T14:04:10","guid":{"rendered":"https:\/\/www.europesays.com\/ee\/258208\/"},"modified":"2026-08-22T14:04:10","modified_gmt":"2026-08-22T14:04:10","slug":"usa-kanada-kaubanduskonelused-nurjusid-kanada-lubas-trumpi-tollimaksudele-vastulooki","status":"publish","type":"post","link":"https:\/\/www.europesays.com\/ee\/258208\/","title":{"rendered":"USA-Kanada kaubandusk\u00f5nelused nurjusid, Kanada lubas Trumpi tollimaksudele vastul\u00f6\u00f6ki"},"content":{"rendered":"<p>USA president <a rel=\"noopener nofollow\" target=\"_blank\" href=\"https:\/\/www.delfi.ee\/teema\/32758637\/donald-trump\" tag-id=\"32758637\">Donald Trump<\/a> \u00e4hvardas juulis kehtestada 50-protsendilise tollimaksu m\u00f5nedele Kanada kaupadele, kui 30 p\u00e4eva jooksul ei j\u00f5uta kaubanduskokkuleppele. Algselt pidid maksud j\u00f5ustuma kolmap\u00e4eval, kuid Trump pikendas t\u00e4htaega kolme p\u00e4eva v\u00f5rra, et l\u00e4bir\u00e4\u00e4kimised saaksid j\u00e4tkuda.<\/p>\n<p>Kokkulepet siiski ei s\u00fcndinud. \u201eKanada keeldus t\u00e4na \u00f5htul kaubanduslepingut l\u00f5pule viimast n\u00e4dala alguses kokkulepitud tingimustel,\u201c \u00fctles USA kaubandusesindaja Jamieson Greer reedel.<\/p>\n<p>USA viimase hetke muudatused tingimustes olid eba\u00f5iglased, majanduslikult kahjulikud ja n\u00f5rgestasid igasuguse kokkuleppe usaldusv\u00e4\u00e4rsust, kommenteeris Kanada peaminister Carney. Ta r\u00f5hutas, et riigi eesm\u00e4rk l\u00e4bir\u00e4\u00e4kimistel oli saavutada parim v\u00f5imalik kokkulepe.<\/p>\n<p>\u201eKanada vastab neile tollimaksudele dollar-dollari vastu, et kaitsta meie t\u00f6\u00f6tajaid ja ettev\u00f5tteid,\u201c lisas ta, kinnitades, et Kanada v\u00f5tab vastumeetmeid.<\/p>\n<p>Uued imporditollid puudutavad ligikaudu 5 protsenti Kanada iga-aastasest ekspordist USA-sse. Kanada taotles l\u00e4bir\u00e4\u00e4kimistel soodustusi ja erandeid terasele, alumiiniumile, s\u00f5idukitele ja puidule, kuid USA ei olnud sellega n\u00f5us, \u00fctles Trumpi administratsiooni ametnik.<\/p>\n<p>L\u00e4bir\u00e4\u00e4kimiste kokkuvarisemisel on nii poliitilised kui ka majanduslikud m\u00f5jud. Eelk\u00f5ige s\u00fcvendab see kahe riigi vahelist kaubanduskonflikti ning seab kahtluse alla USA, Kanada ja Mehhiko vahelise P\u00f5hja-Ameerika kaubanduspakti (USMCA) tuleviku.<\/p>\n<p>USA kehtestas uued tollimaksud Kanadale 1930. aasta tollimaksuseaduse paragrahviga 338, mis lubab Valgel Majal m\u00e4\u00e4rata kuni 50-protsendilised maksud igale v\u00e4liskaubanduspartnerile, kes USA hinnangul diskrimineerib riigi kaubandust. Ekspertide hinnangul vaidlustatakse Kanadale kehtestatud maksud t\u00f5en\u00e4oliselt kohtus.<\/p>\n<p>Kuidas see lugu Sind end tundma pani?Saada<a href=\"https:\/\/www.delfi.ee\/artikkel\/120605398\/usa-kanada-kaubanduskonelused-nurjusid-kanada-lubas-trumpi-tollimaksudele-vastulooki\/kommentaarid\" class=\"button button--primary button--size-auto article-body-bottom__comment article-body-bottom__comment--write\" style=\"\" rel=\"nofollow noopener\" target=\"_blank\">Kommenteeri<\/a><a href=\"https:\/\/www.delfi.ee\/artikkel\/120605398\/usa-kanada-kaubanduskonelused-nurjusid-kanada-lubas-trumpi-tollimaksudele-vastulooki\/kommentaarid\" class=\"button button--size-auto article-body-bottom__comment article-body-bottom__comment--read\" style=\"\" rel=\"nofollow noopener\" target=\"_blank\">Loe kommentaare (9)<\/a><\/p>\n","protected":false},"excerpt":{"rendered":"USA president Donald Trump \u00e4hvardas juulis kehtestada 50-protsendilise tollimaksu m\u00f5nedele Kanada kaupadele, kui 30 p\u00e4eva jooksul ei j\u00f5uta&hellip;\n","protected":false},"author":2,"featured_media":258209,"comment_status":"","ping_status":"","sticky":false,"template":"","format":"standard","meta":{"footnotes":"","_share_on_mastodon":"0"},"categories":[80],"tags":[26,27,324,37,33,35,34,36,31,32,21,1554,100597,28,29,95,1555,19,25,4502,23,24,22,325,20,30,92,93,94],"class_list":["post-258208","post","type-post","status-publish","format-standard","has-post-thumbnail","category-maailm","tag-breaking-news","tag-breakingnews","tag-donald-trump","tag-ee","tag-eesti","tag-eesti-keel","tag-estonia","tag-estonian","tag-featured-news","tag-featurednews","tag-headlines","tag-kanada","tag-kaubanduskonelused","tag-latest-news","tag-latestnews","tag-maailm","tag-mark-carney","tag-news","tag-populaarseimad-lood","tag-tollimaksud","tag-top-stories","tag-topstories","tag-uldised-uudised","tag-usa","tag-uudised","tag-viimased-uudised","tag-world","tag-world-news","tag-worldnews"],"share_on_mastodon":{"url":"","error":""},"_links":{"self":[{"href":"https:\/\/www.europesays.com\/ee\/wp-json\/wp\/v2\/posts\/258208","targetHints":{"allow":["GET"]}}],"collection":[{"href":"https:\/\/www.europesays.com\/ee\/wp-json\/wp\/v2\/posts"}],"about":[{"href":"https:\/\/www.europesays.com\/ee\/wp-json\/wp\/v2\/types\/post"}],"author":[{"embeddable":true,"href":"https:\/\/www.europesays.com\/ee\/wp-json\/wp\/v2\/users\/2"}],"replies":[{"embeddable":true,"href":"https:\/\/www.europesays.com\/ee\/wp-json\/wp\/v2\/comments?post=258208"}],"version-history":[{"count":0,"href":"https:\/\/www.europesays.com\/ee\/wp-json\/wp\/v2\/posts\/258208\/revisions"}],"wp:featuredmedia":[{"embeddable":true,"href":"https:\/\/www.europesays.com\/ee\/wp-json\/wp\/v2\/media\/258209"}],"wp:attachment":[{"href":"https:\/\/www.europesays.com\/ee\/wp-json\/wp\/v2\/media?parent=258208"}],"wp:term":[{"taxonomy":"category","embeddable":true,"href":"https:\/\/www.europesays.com\/ee\/wp-json\/wp\/v2\/categories?post=258208"},{"taxonomy":"post_tag","embeddable":true,"href":"https:\/\/www.europesays.com\/ee\/wp-json\/wp\/v2\/tags?post=258208"}],"curies":[{"name":"wp","href":"https:\/\/api.w.org\/{rel}","templated":true}]}}