{"id":258238,"date":"2026-08-22T15:01:19","date_gmt":"2026-08-22T15:01:19","guid":{"rendered":"https:\/\/www.europesays.com\/ee\/258238\/"},"modified":"2026-08-22T15:01:19","modified_gmt":"2026-08-22T15:01:19","slug":"hipodroomi-ristmikul-tagatakse-kooliaasta-alguseks-taiendav-soidurada","status":"publish","type":"post","link":"https:\/\/www.europesays.com\/ee\/258238\/","title":{"rendered":"Hipodroomi ristmikul tagatakse kooliaasta alguseks t\u00e4iendav s\u00f5idurada"},"content":{"rendered":"<p class=\"MsoNormal\">Abilinnapea Joel Jesse palub liiklejatel arvestada, et Hipodroomi ristmikul ei ole kooliaasta alguseks k\u00f5ik ehitust\u00f6\u00f6d l\u00f5ppenud ning tipptundidel v\u00f5ivad tekkida ummikud ja s\u00f5iduaeg pikeneda. \u00abKooliaasta alguses kasvab liikluskoormus \u00fcle linna ning Hipodroomi ristmikul j\u00e4tkuvad samal ajal ehitust\u00f6\u00f6d. Seet\u00f5ttu soovitame oma teekond varakult ette planeerida ja eelistada Hipodroomi ristmikule ka alternatiivseid liikumisteid. Kui teekond viib siiski l\u00e4bi Hipodroomi ristmiku, tasub arvestada v\u00f5imalike ummikutega ja varuda s\u00f5iduks tavap\u00e4rasest rohkem aega,\u00bb \u00fctles Jesse.<\/p>\n","protected":false},"excerpt":{"rendered":"Abilinnapea Joel Jesse palub liiklejatel arvestada, et Hipodroomi ristmikul ei ole kooliaasta alguseks k\u00f5ik ehitust\u00f6\u00f6d l\u00f5ppenud ning tipptundidel&hellip;\n","protected":false},"author":2,"featured_media":258239,"comment_status":"","ping_status":"","sticky":false,"template":"","format":"standard","meta":{"footnotes":"","_share_on_mastodon":"0"},"categories":[5],"tags":[26,27,37,33,35,34,36,31,32,21,53760,30272,28,29,19,25,23,24,22,20,30],"class_list":["post-258238","post","type-post","status-publish","format-standard","has-post-thumbnail","category-uldised-uudised","tag-breaking-news","tag-breakingnews","tag-ee","tag-eesti","tag-eesti-keel","tag-estonia","tag-estonian","tag-featured-news","tag-featurednews","tag-headlines","tag-hipodroomi-ristmik","tag-joel-jesse","tag-latest-news","tag-latestnews","tag-news","tag-populaarseimad-lood","tag-top-stories","tag-topstories","tag-uldised-uudised","tag-uudised","tag-viimased-uudised"],"share_on_mastodon":{"url":"https:\/\/pubeurope.com\/@ee\/117139766194424827","error":""},"_links":{"self":[{"href":"https:\/\/www.europesays.com\/ee\/wp-json\/wp\/v2\/posts\/258238","targetHints":{"allow":["GET"]}}],"collection":[{"href":"https:\/\/www.europesays.com\/ee\/wp-json\/wp\/v2\/posts"}],"about":[{"href":"https:\/\/www.europesays.com\/ee\/wp-json\/wp\/v2\/types\/post"}],"author":[{"embeddable":true,"href":"https:\/\/www.europesays.com\/ee\/wp-json\/wp\/v2\/users\/2"}],"replies":[{"embeddable":true,"href":"https:\/\/www.europesays.com\/ee\/wp-json\/wp\/v2\/comments?post=258238"}],"version-history":[{"count":0,"href":"https:\/\/www.europesays.com\/ee\/wp-json\/wp\/v2\/posts\/258238\/revisions"}],"wp:featuredmedia":[{"embeddable":true,"href":"https:\/\/www.europesays.com\/ee\/wp-json\/wp\/v2\/media\/258239"}],"wp:attachment":[{"href":"https:\/\/www.europesays.com\/ee\/wp-json\/wp\/v2\/media?parent=258238"}],"wp:term":[{"taxonomy":"category","embeddable":true,"href":"https:\/\/www.europesays.com\/ee\/wp-json\/wp\/v2\/categories?post=258238"},{"taxonomy":"post_tag","embeddable":true,"href":"https:\/\/www.europesays.com\/ee\/wp-json\/wp\/v2\/tags?post=258238"}],"curies":[{"name":"wp","href":"https:\/\/api.w.org\/{rel}","templated":true}]}}