{"id":258278,"date":"2026-08-22T16:04:07","date_gmt":"2026-08-22T16:04:07","guid":{"rendered":"https:\/\/www.europesays.com\/ee\/258278\/"},"modified":"2026-08-22T16:04:07","modified_gmt":"2026-08-22T16:04:07","slug":"tesla-kutsub-tagasi-rekordarvu-soidukeid-ohtlike-uste-tottu","status":"publish","type":"post","link":"https:\/\/www.europesays.com\/ee\/258278\/","title":{"rendered":"Tesla kutsub tagasi rekordarvu s\u00f5idukeid ohtlike uste t\u00f5ttu"},"content":{"rendered":"<p>Hiina riiklik tururegulatsiooni amet (SAMR) teatas reedel avalduses, et Tesla kutsub tagasi 973 156 Model 3 s\u00f5idukit, mis on toodetud 2019-2026, 1,96 miljonit Hiinas toodetud Model Y autot, mis on valmistatud 2020-2026, samuti \u00fcle 35 000 imporditud Model 3, 8 000 Model X ja 2 000 Model S s\u00f5idukit.<\/p>\n<p>Kampaania, mis h\u00f5lmab umbes 2,98 miljonit s\u00f5idukit, on Tesla k\u00f5igi aegade suurim mis tahes turul.<\/p>\n<p>Hiina ametiv\u00f5imud teatasid veebruaris, et alates j\u00e4rgmisest aastast keelustatakse varjatud autouksek\u00e4epidemed, mida tavaliselt n\u00e4eb Teslas ja paljudel Hiina elektriautode mudelitel. Viimastel aastatel on toimunud mitmeid \u00f5nnetusi, kus autode varjatud elektroonilised uksed ei t\u00f6\u00f6tanud ja inimesed j\u00e4id autosse l\u00f5ksu.<\/p>\n<p>SAMRi veebilehel avaldatud teates viidati ohutusriskile. Teates m\u00e4rgiti, et \u00e4\u00e4rmuslikes olukordades, n\u00e4iteks tugeva kokkup\u00f5rke korral, mis p\u00f5hjustab elektris\u00fcsteemi rikke, v\u00f5ivad uksek\u00e4epidemed takistada s\u00f5itjatel uksi kiiresti avamast, et p\u00f5geneda, v\u00f5i takistada v\u00e4ljaspool autot olevatel p\u00e4\u00e4stjatel sissep\u00e4\u00e4su. Seda stsenaariumit on liikluses korduvalt n\u00e4htud, ja k\u00f5ige hullematel juhtudel <a rel=\"noopener follow nofollow\" target=\"_blank\" href=\"https:\/\/forte.delfi.ee\/artikkel\/120418992\/jarjekordne-onnetus-teslaga-firma-kaevati-taas-defeksete-autouste-tottu-kohtusse\" data-rel-date-range=\"[]\">l\u00f5ppenud juhi surmaga<\/a>.<\/p>\n<p>Kuid Tesla pole ainuke. Hiina tehnoloogiahiid Xiaomi kutsub tagasi \u00fcle 390 000 s\u00f5iduki. Leapmotor kutsub tagasi \u00fcle 370 000 auto. Ka teised Hiina autotootjad, sealhulgas Geely ja XPENG, kutsuvad osa s\u00f5idukeid tagasi. Igal juhul olid esitatud p\u00f5hjused sarnased ja seotud peamiselt autode uksek\u00e4epidemetega.<\/p>\n<p>Eraldi tagasikutsumise raames n\u00f5udis SAMR reedel Teslalt 2,74 miljoni Hiinas toodetud Model 3 ja Model Y s\u00f5iduki parandamist seoses veaga, mille t\u00f5ttu juhi j\u00e4lgimiss\u00fcsteem ei hoiatanud juhte, et nad peaksid pilku teel hoidma.<\/p>\n<p>Kuidas see lugu Sind end tundma pani?Saada<a href=\"https:\/\/forte.delfi.ee\/artikkel\/120605308\/tesla-kutsub-tagasi-rekordarvu-soidukeid-ohtlike-uste-tottu\/kommentaarid\" class=\"button button--primary button--size-auto article-body-bottom__comment article-body-bottom__comment--write\" style=\"\" rel=\"nofollow noopener\" target=\"_blank\">Kommenteeri<\/a><a href=\"https:\/\/forte.delfi.ee\/artikkel\/120605308\/tesla-kutsub-tagasi-rekordarvu-soidukeid-ohtlike-uste-tottu\/kommentaarid\" class=\"button button--size-auto article-body-bottom__comment article-body-bottom__comment--read\" style=\"\" rel=\"nofollow noopener\" target=\"_blank\">Loe kommentaare (5)<\/a><\/p>\n","protected":false},"excerpt":{"rendered":"Hiina riiklik tururegulatsiooni amet (SAMR) teatas reedel avalduses, et Tesla kutsub tagasi 973 156 Model 3 s\u00f5idukit, mis&hellip;\n","protected":false},"author":2,"featured_media":258279,"comment_status":"","ping_status":"","sticky":false,"template":"","format":"standard","meta":{"footnotes":"","_share_on_mastodon":"0"},"categories":[14],"tags":[131,130,37,33,35,34,36,2226],"class_list":["post-258278","post","type-post","status-publish","format-standard","has-post-thumbnail","category-ari","tag-ari","tag-business","tag-ee","tag-eesti","tag-eesti-keel","tag-estonia","tag-estonian","tag-tesla"],"share_on_mastodon":{"url":"https:\/\/pubeurope.com\/@ee\/117140014018496318","error":""},"_links":{"self":[{"href":"https:\/\/www.europesays.com\/ee\/wp-json\/wp\/v2\/posts\/258278","targetHints":{"allow":["GET"]}}],"collection":[{"href":"https:\/\/www.europesays.com\/ee\/wp-json\/wp\/v2\/posts"}],"about":[{"href":"https:\/\/www.europesays.com\/ee\/wp-json\/wp\/v2\/types\/post"}],"author":[{"embeddable":true,"href":"https:\/\/www.europesays.com\/ee\/wp-json\/wp\/v2\/users\/2"}],"replies":[{"embeddable":true,"href":"https:\/\/www.europesays.com\/ee\/wp-json\/wp\/v2\/comments?post=258278"}],"version-history":[{"count":0,"href":"https:\/\/www.europesays.com\/ee\/wp-json\/wp\/v2\/posts\/258278\/revisions"}],"wp:featuredmedia":[{"embeddable":true,"href":"https:\/\/www.europesays.com\/ee\/wp-json\/wp\/v2\/media\/258279"}],"wp:attachment":[{"href":"https:\/\/www.europesays.com\/ee\/wp-json\/wp\/v2\/media?parent=258278"}],"wp:term":[{"taxonomy":"category","embeddable":true,"href":"https:\/\/www.europesays.com\/ee\/wp-json\/wp\/v2\/categories?post=258278"},{"taxonomy":"post_tag","embeddable":true,"href":"https:\/\/www.europesays.com\/ee\/wp-json\/wp\/v2\/tags?post=258278"}],"curies":[{"name":"wp","href":"https:\/\/api.w.org\/{rel}","templated":true}]}}