{"id":258282,"date":"2026-08-22T16:06:09","date_gmt":"2026-08-22T16:06:09","guid":{"rendered":"https:\/\/www.europesays.com\/ee\/258282\/"},"modified":"2026-08-22T16:06:09","modified_gmt":"2026-08-22T16:06:09","slug":"tallinna-hipodroomi-ristmikul-taastub-kooliaasta-alguseks-22-liiklus-eesti","status":"publish","type":"post","link":"https:\/\/www.europesays.com\/ee\/258282\/","title":{"rendered":"Tallinna Hipodroomi ristmikul taastub kooliaasta alguseks 2+2 liiklus | Eesti"},"content":{"rendered":"<p>Tallinnas lisandub 31. augustiks Hipodroomi ristmikule \u00fcks s\u00f5idurada ning senise 2+1 liikluskorralduse asemel saab taas liikuda kahe s\u00f5idurajaga m\u00f5lemas suunas.<\/p>\n<p>See leevendab Tallinna abilinnapea Joel Jesse s\u00f5nul ristmiku l\u00e4bilaskev\u00f5ime piirangut, kuid ehitust\u00f6\u00f6d piirkonnas j\u00e4tkuvad ja liikluskorraldus j\u00e4\u00e4b tavap\u00e4rasest erinevaks.<\/p>\n<p>&#8220;Kooliaasta algusega kasvab liikluskoormus kogu Tallinnas ning Hipodroomi ristmikul v\u00f5ivad tipptundidel endiselt tekkida suured ummikud ja s\u00f5iduajad pikeneda. Palun planeerida teekond aegsasti ning v\u00f5imalusel kasutada alternatiivseid liikumisteid ja \u00fchistransporti,&#8221; \u00fctles Jesse.<\/p>\n<p>&#8220;Paldiski maanteel j\u00e4tkuvad samal ajal k\u00f5nnitee ehitust\u00f6\u00f6d Merelahe tee ja Endla t\u00e4nava vahel ning osaliselt on suletud ka s\u00f5iduradasid. Panen autojuhtidele s\u00fcdamele \u2013 palun j\u00e4tame \u00fchistranspordirajad bussidele, sest nii saavad bussid liikuda v\u00f5imalikult h\u00e4sti graafikus ning inimesed j\u00f5uavad t\u00f6\u00f6le ja lapsed kooli,&#8221; lisas ta.<\/p>\n<p>Jesse m\u00e4rkis, et p\u00e4rast 1. septembrit j\u00e4tkuvad t\u00f6\u00f6d Paldiski maantee linnast v\u00e4ljuval suunal Endla t\u00e4nava ja Mooni t\u00e4nava vahel ning see l\u00f5ik avatakse liiklusele novembri l\u00f5pus.<\/p>\n<p>J\u00e4rgmise aasta alguses algavad t\u00f6\u00f6d linna siseneval suunal ja kogu ehitus peaks valmima 2027. aasta augusti l\u00f5puks.<\/p>\n<p>Jesse s\u00f5nul muudab valmiv taristu piirkonna liikumist mugavamaks ja turvalisemaks. &#8220;Paldiski maanteele rajatakse eraldatud rattateed, rohesaared ja uus valgustus ning ristmikule uus \u00fclek\u00e4ik jalak\u00e4ijatele ja ratturitele. Samuti s\u00e4ilib olemasolev Paldiski mnt allee ning lisandub Hipodroomi t\u00e4navalt vasakp\u00f6\u00f6rde v\u00f5imalus kesklinna suunal,&#8221; lausus Jesse.<\/p>\n","protected":false},"excerpt":{"rendered":"Tallinnas lisandub 31. augustiks Hipodroomi ristmikule \u00fcks s\u00f5idurada ning senise 2+1 liikluskorralduse asemel saab taas liikuda kahe s\u00f5idurajaga&hellip;\n","protected":false},"author":2,"featured_media":258283,"comment_status":"","ping_status":"","sticky":false,"template":"","format":"standard","meta":{"footnotes":"","_share_on_mastodon":"0"},"categories":[12],"tags":[26,27,37,33,35,34,36,31,32,21,53760,30272,28,29,19,25,100604,23,24,22,20,30],"class_list":["post-258282","post","type-post","status-publish","format-standard","has-post-thumbnail","category-eesti","tag-breaking-news","tag-breakingnews","tag-ee","tag-eesti","tag-eesti-keel","tag-estonia","tag-estonian","tag-featured-news","tag-featurednews","tag-headlines","tag-hipodroomi-ristmik","tag-joel-jesse","tag-latest-news","tag-latestnews","tag-news","tag-populaarseimad-lood","tag-tallinna-teetood","tag-top-stories","tag-topstories","tag-uldised-uudised","tag-uudised","tag-viimased-uudised"],"share_on_mastodon":{"url":"https:\/\/pubeurope.com\/@ee\/117140021813855872","error":""},"_links":{"self":[{"href":"https:\/\/www.europesays.com\/ee\/wp-json\/wp\/v2\/posts\/258282","targetHints":{"allow":["GET"]}}],"collection":[{"href":"https:\/\/www.europesays.com\/ee\/wp-json\/wp\/v2\/posts"}],"about":[{"href":"https:\/\/www.europesays.com\/ee\/wp-json\/wp\/v2\/types\/post"}],"author":[{"embeddable":true,"href":"https:\/\/www.europesays.com\/ee\/wp-json\/wp\/v2\/users\/2"}],"replies":[{"embeddable":true,"href":"https:\/\/www.europesays.com\/ee\/wp-json\/wp\/v2\/comments?post=258282"}],"version-history":[{"count":0,"href":"https:\/\/www.europesays.com\/ee\/wp-json\/wp\/v2\/posts\/258282\/revisions"}],"wp:featuredmedia":[{"embeddable":true,"href":"https:\/\/www.europesays.com\/ee\/wp-json\/wp\/v2\/media\/258283"}],"wp:attachment":[{"href":"https:\/\/www.europesays.com\/ee\/wp-json\/wp\/v2\/media?parent=258282"}],"wp:term":[{"taxonomy":"category","embeddable":true,"href":"https:\/\/www.europesays.com\/ee\/wp-json\/wp\/v2\/categories?post=258282"},{"taxonomy":"post_tag","embeddable":true,"href":"https:\/\/www.europesays.com\/ee\/wp-json\/wp\/v2\/tags?post=258282"}],"curies":[{"name":"wp","href":"https:\/\/api.w.org\/{rel}","templated":true}]}}