{"id":258288,"date":"2026-08-22T16:25:14","date_gmt":"2026-08-22T16:25:14","guid":{"rendered":"https:\/\/www.europesays.com\/ee\/258288\/"},"modified":"2026-08-22T16:25:14","modified_gmt":"2026-08-22T16:25:14","slug":"video-eesti-noortekoondis-voitis-hilisest-kaugloogist-ukrainat-soccernet-ee","status":"publish","type":"post","link":"https:\/\/www.europesays.com\/ee\/258288\/","title":{"rendered":"Video: Eesti noortekoondis v\u00f5itis hilisest kaugl\u00f6\u00f6gist Ukrainat &#8211; Soccernet.ee"},"content":{"rendered":"<p><img decoding=\"async\" src=\"https:\/\/www.europesays.com\/ee\/wp-content\/uploads\/2026\/08\/1787390167.jpg\" alt=\"Ukraina noortekoondislased. Foto: Katariina Peetson \/ jalgpall.ee (arhiiv)\"\/>&#13;\n<\/p>\n<p>Eesti U15 koondis alustas P\u00f5hja-Makedoonias toimuvat UEFA s\u00f5prusturniiri 1:0 v\u00f5iduga Ukraina \u00fcle. V\u00e4rava l\u00f5i 85. minutil Robin Ruubel, kelle kaugl\u00f6\u00f6k l\u00e4ks l\u00e4bi v\u00e4ravavahi n\u00e4ppude v\u00f5rku.<\/p>\n<p>Eesti m\u00e4ngis peaaegu terve kohtumise arvulises \u00fclekaalus, sest juba 11. minutil sai Ivan Kostiut\u0161enko punase kaardi.&#13;\n<\/p>\n<p>P\u00fchap\u00e4eval kohtub Eesti P\u00f5hja-Makedooniaga ning kolmap\u00e4eval Bosnia ja Hertsegoviinaga.&#13;\n<\/p>\n<p>Tulemus:<\/p>\n<p>Eesti &#8211; Ukraina\u00a0 1:0 (0:0)<br \/>&#13;<br \/>\n85.\u00a0Robin Ruubel&#13;\n<\/p>\n<p>Eemaldamine: 11.\u00a0Ivan Kostiut\u0161enko (Ukraina)&#13;\n<\/p>\n<p>Eesti: Johann Jegorov, Martin Ruusmaa (76. Romer Klavan), Siim R\u00e4kkand (53. Robin Ruubel), Aleksandr Kohanenko, Lukas Saarem\u00e4el (60. Remo Pallo), Mihkel M\u00e4rks (76. Romet P\u00f5lda), Kristofer Kivi (53. Marten Maimann), Henrik Raatma (60. Joonas Laht), Remil Undrest (53. Vladislav Rodik), Kaspar Lehtmets (60. Leon Kvit\u0161), Artjom Horst.<br \/>&#13;<br \/>\nVarus: Brandon Riisenberg, Robin Ruubel, Romer Klavan, Remo Pallo, Romet P\u00f5lda, Marten Maimann, Joonas Laht, Vladislav Rodik, Leon Kvit\u0161.&#13;\n<\/p>\n<p>Kohtumise tipphetked:<\/p>\n","protected":false},"excerpt":{"rendered":"&#13; Eesti U15 koondis alustas P\u00f5hja-Makedoonias toimuvat UEFA s\u00f5prusturniiri 1:0 v\u00f5iduga Ukraina \u00fcle. V\u00e4rava l\u00f5i 85. minutil Robin&hellip;\n","protected":false},"author":2,"featured_media":258289,"comment_status":"","ping_status":"","sticky":false,"template":"","format":"standard","meta":{"footnotes":"","_share_on_mastodon":"0"},"categories":[18],"tags":[37,33,35,100605,100606,97581,97582,34,36,3654,100607,100608,159,158,100609,97584,100610,100611],"class_list":["post-258288","post","type-post","status-publish","format-standard","has-post-thumbnail","category-sport","tag-ee","tag-eesti","tag-eesti-keel","tag-eesti-u-15","tag-eesti-u-15-koondis","tag-eesti-u15","tag-eesti-u15-koondis","tag-estonia","tag-estonian","tag-noortekoondis","tag-robin-ruubel","tag-ruubel","tag-sport","tag-sports","tag-u-15-koondis","tag-u15-koondis","tag-u15-soprusturniir","tag-ukraina-u15"],"share_on_mastodon":{"url":"https:\/\/pubeurope.com\/@ee\/117140096833196734","error":""},"_links":{"self":[{"href":"https:\/\/www.europesays.com\/ee\/wp-json\/wp\/v2\/posts\/258288","targetHints":{"allow":["GET"]}}],"collection":[{"href":"https:\/\/www.europesays.com\/ee\/wp-json\/wp\/v2\/posts"}],"about":[{"href":"https:\/\/www.europesays.com\/ee\/wp-json\/wp\/v2\/types\/post"}],"author":[{"embeddable":true,"href":"https:\/\/www.europesays.com\/ee\/wp-json\/wp\/v2\/users\/2"}],"replies":[{"embeddable":true,"href":"https:\/\/www.europesays.com\/ee\/wp-json\/wp\/v2\/comments?post=258288"}],"version-history":[{"count":0,"href":"https:\/\/www.europesays.com\/ee\/wp-json\/wp\/v2\/posts\/258288\/revisions"}],"wp:featuredmedia":[{"embeddable":true,"href":"https:\/\/www.europesays.com\/ee\/wp-json\/wp\/v2\/media\/258289"}],"wp:attachment":[{"href":"https:\/\/www.europesays.com\/ee\/wp-json\/wp\/v2\/media?parent=258288"}],"wp:term":[{"taxonomy":"category","embeddable":true,"href":"https:\/\/www.europesays.com\/ee\/wp-json\/wp\/v2\/categories?post=258288"},{"taxonomy":"post_tag","embeddable":true,"href":"https:\/\/www.europesays.com\/ee\/wp-json\/wp\/v2\/tags?post=258288"}],"curies":[{"name":"wp","href":"https:\/\/api.w.org\/{rel}","templated":true}]}}