{"id":258306,"date":"2026-08-22T16:51:07","date_gmt":"2026-08-22T16:51:07","guid":{"rendered":"https:\/\/www.europesays.com\/ee\/258306\/"},"modified":"2026-08-22T16:51:07","modified_gmt":"2026-08-22T16:51:07","slug":"norris-teenis-parima-stardikoha-teist-etappi-jarjest-vormelisport","status":"publish","type":"post","link":"https:\/\/www.europesays.com\/ee\/258306\/","title":{"rendered":"Norris teenis parima stardikoha teist etappi j\u00e4rjest | Vormelisport"},"content":{"rendered":"<p>Vormel-1 sarja Hollandi GP kvalifikatsiooni v\u00f5itis valitsev maailmameister Lando Norris (McLaren).<\/p>\n<p>Norris sai viimases sessioonis oma kiireimal ringil kirja aja 1.11,163. Hommikuse sprindis\u00f5idu <a href=\"https:\/\/sport.err.ee\/1610116846\/russell-voitis-hollandi-gp-sprindi\" target=\"_blank\" rel=\"noopener nofollow\">v\u00f5itnud<\/a> George Russell (Mercedes) pidi leppima teise kohaga, kaotades kaasmaalasele vaid 0,102 sekundiga. Kolmandaks tuli MM-sarja \u00fcldliider Kimi Antonelli (Mercedes; +0,133) ja neljas oli Oscar Piastri (McLaren; +0,142).<\/p>\n<p>Kolmanda stardirea h\u00f5ivasid Ferrari piloodid Lewis Hamilton (+0,331) ja Charles Leclerc (+0,395). Neljakordne maailmameister Max Verstappen alustab kodusel MM-etapil p\u00f5his\u00f5itu seitsmendalt kohalt (+0,455). Hollandlase k\u00f5rvalt stardib Liam Lawson (+0,570), kes asendab Red Bulli roolis randmevigastusega <a href=\"https:\/\/sport.err.ee\/1610114257\/hadjar-jaab-vigatuse-tottu-hollandi-gp-lt-eemale\" target=\"_blank\" rel=\"noopener nofollow\">kimpus olevat<\/a> Isack Hadjarit.<\/p>\n<p>Laup\u00e4evase sprindis\u00f5idu j\u00e4rel on Antonellil MM-sarja \u00fcldliidrina koos 224 punkti. Talle j\u00e4rgnevad Hamilton (171), Russell (168), Leclerc (145), Norris (134) ja Verstappen (112).<\/p>\n<p>P\u00f5his\u00f5it algab p\u00fchap\u00e4eval Eesti aja j\u00e4rgi kell 16.00.<\/p>\n<blockquote class=\"twitter-tweet\">\n<p lang=\"en\" dir=\"ltr\">THE STARTING GRID FOR THE 2026 DUTCH GRAND PRIX <a href=\"https:\/\/x.com\/hashtag\/F1?src=hash&amp;ref_src=twsrc%5Etfw\" rel=\"nofollow\">#F1<\/a> <a href=\"https:\/\/x.com\/hashtag\/DutchGP?src=hash&amp;ref_src=twsrc%5Etfw\" rel=\"nofollow\">#DutchGP<\/a> <a href=\"https:\/\/t.co\/yO69YvsD87\" rel=\"nofollow\">pic.twitter.com\/yO69YvsD87<\/a><\/p>\n<p>\u2014 Formula 1 (@F1) <a href=\"https:\/\/x.com\/F1\/status\/2091180397564404020?ref_src=twsrc%5Etfw\" rel=\"nofollow\">August 22, 2026<\/a><\/p><\/blockquote>\n<p><script async src=\"https:\/\/platform.twitter.com\/widgets.js\" charset=\"utf-8\"><\/script><\/p>\n","protected":false},"excerpt":{"rendered":"Vormel-1 sarja Hollandi GP kvalifikatsiooni v\u00f5itis valitsev maailmameister Lando Norris (McLaren). Norris sai viimases sessioonis oma kiireimal ringil&hellip;\n","protected":false},"author":2,"featured_media":258307,"comment_status":"","ping_status":"","sticky":false,"template":"","format":"standard","meta":{"footnotes":"","_share_on_mastodon":"0"},"categories":[5],"tags":[26,27,37,33,35,34,36,31,32,1956,21,100453,19344,1577,28,29,19,25,23,24,22,20,30,4487],"class_list":["post-258306","post","type-post","status-publish","format-standard","has-post-thumbnail","category-uldised-uudised","tag-breaking-news","tag-breakingnews","tag-ee","tag-eesti","tag-eesti-keel","tag-estonia","tag-estonian","tag-featured-news","tag-featurednews","tag-george-russell","tag-headlines","tag-hollandi-gp","tag-kimi-antonelli","tag-lando-norris","tag-latest-news","tag-latestnews","tag-news","tag-populaarseimad-lood","tag-top-stories","tag-topstories","tag-uldised-uudised","tag-uudised","tag-viimased-uudised","tag-vormel-1"],"share_on_mastodon":{"url":"","error":""},"_links":{"self":[{"href":"https:\/\/www.europesays.com\/ee\/wp-json\/wp\/v2\/posts\/258306","targetHints":{"allow":["GET"]}}],"collection":[{"href":"https:\/\/www.europesays.com\/ee\/wp-json\/wp\/v2\/posts"}],"about":[{"href":"https:\/\/www.europesays.com\/ee\/wp-json\/wp\/v2\/types\/post"}],"author":[{"embeddable":true,"href":"https:\/\/www.europesays.com\/ee\/wp-json\/wp\/v2\/users\/2"}],"replies":[{"embeddable":true,"href":"https:\/\/www.europesays.com\/ee\/wp-json\/wp\/v2\/comments?post=258306"}],"version-history":[{"count":0,"href":"https:\/\/www.europesays.com\/ee\/wp-json\/wp\/v2\/posts\/258306\/revisions"}],"wp:featuredmedia":[{"embeddable":true,"href":"https:\/\/www.europesays.com\/ee\/wp-json\/wp\/v2\/media\/258307"}],"wp:attachment":[{"href":"https:\/\/www.europesays.com\/ee\/wp-json\/wp\/v2\/media?parent=258306"}],"wp:term":[{"taxonomy":"category","embeddable":true,"href":"https:\/\/www.europesays.com\/ee\/wp-json\/wp\/v2\/categories?post=258306"},{"taxonomy":"post_tag","embeddable":true,"href":"https:\/\/www.europesays.com\/ee\/wp-json\/wp\/v2\/tags?post=258306"}],"curies":[{"name":"wp","href":"https:\/\/api.w.org\/{rel}","templated":true}]}}