{"id":258330,"date":"2026-08-22T17:42:15","date_gmt":"2026-08-22T17:42:15","guid":{"rendered":"https:\/\/www.europesays.com\/ee\/258330\/"},"modified":"2026-08-22T17:42:15","modified_gmt":"2026-08-22T17:42:15","slug":"lando-norris-napsas-hollandis-mercedeste-eest-parima-stardikoha","status":"publish","type":"post","link":"https:\/\/www.europesays.com\/ee\/258330\/","title":{"rendered":"Lando Norris napsas Hollandis Mercedeste eest parima stardikoha"},"content":{"rendered":"<p>MM-sarjas viiendat kohta hoidev Norris on viimasel ajal leidnud hea hoo. Ta v\u00f5itis juuli l\u00f5pus peetud Ungari GP ja enne Hollandi GP kvalifikatsiooni kavas olnud sprindis\u00f5idus oli britt kolmas.<\/p>\n<p>Kvalifikatsioonis j\u00e4rgnesid Norrisele sprindis\u00f5idu v\u00f5itnud George Russell (Mercedes, +0,102), MM-sarja \u00fcldliider <a rel=\"noopener nofollow\" target=\"_blank\" href=\"https:\/\/www.delfi.ee\/teema\/96883320\/kimi-antonelli\" tag-id=\"96883320\">Kimi Antonelli<\/a> (Mercedes, +0,133) ja Oscar Piastri (McLaren, +0,142).<\/p>\n<p>Kolmandast reast l\u00e4hevad rajale Ferrari s\u00f5itjad Lewis Hamilton ja Charles Leclerc. Kodupubliku ees s\u00f5itev Max Verstappen (Red Bull) sai kvalifikatsioonis seitsmenda koha. Neljakordne maailmameister on kogu n\u00e4dalavahetuse jooksul kimpus olnud haigusega.<\/p>\n<p>Hollandi MM-etapi p\u00f5his\u00f5it algab p\u00fchap\u00e4eval Eesti aja j\u00e4rgi kell 16.<\/p>\n<p><img decoding=\"async\" src=\"https:\/\/www.europesays.com\/ee\/wp-content\/uploads\/2026\/08\/a5a14a37-3c73-411f-8591-7f938b8aa45a.jpg\" loading=\"lazy\"\/>Kuidas see lugu Sind end tundma pani?Saada<a href=\"https:\/\/sport.delfi.ee\/artikkel\/120605416\/lando-norris-napsas-hollandis-mercedeste-eest-parima-stardikoha\/kommentaarid\" class=\"button button--primary button--size-auto article-body-bottom__comment article-body-bottom__comment--write\" style=\"\" rel=\"nofollow noopener\" target=\"_blank\">Kommenteeri<\/a><a href=\"https:\/\/sport.delfi.ee\/artikkel\/120605416\/lando-norris-napsas-hollandis-mercedeste-eest-parima-stardikoha\/kommentaarid\" class=\"button button--size-auto article-body-bottom__comment article-body-bottom__comment--read\" style=\"\" rel=\"nofollow noopener\" target=\"_blank\">Loe kommentaare <\/a><\/p>\n","protected":false},"excerpt":{"rendered":"MM-sarjas viiendat kohta hoidev Norris on viimasel ajal leidnud hea hoo. Ta v\u00f5itis juuli l\u00f5pus peetud Ungari GP&hellip;\n","protected":false},"author":2,"featured_media":258331,"comment_status":"","ping_status":"","sticky":false,"template":"","format":"standard","meta":{"footnotes":"","_share_on_mastodon":"0"},"categories":[18],"tags":[37,33,35,34,36,19344,1577,159,158,4487],"class_list":["post-258330","post","type-post","status-publish","format-standard","has-post-thumbnail","category-sport","tag-ee","tag-eesti","tag-eesti-keel","tag-estonia","tag-estonian","tag-kimi-antonelli","tag-lando-norris","tag-sport","tag-sports","tag-vormel-1"],"share_on_mastodon":{"url":"https:\/\/pubeurope.com\/@ee\/117140399595205025","error":""},"_links":{"self":[{"href":"https:\/\/www.europesays.com\/ee\/wp-json\/wp\/v2\/posts\/258330","targetHints":{"allow":["GET"]}}],"collection":[{"href":"https:\/\/www.europesays.com\/ee\/wp-json\/wp\/v2\/posts"}],"about":[{"href":"https:\/\/www.europesays.com\/ee\/wp-json\/wp\/v2\/types\/post"}],"author":[{"embeddable":true,"href":"https:\/\/www.europesays.com\/ee\/wp-json\/wp\/v2\/users\/2"}],"replies":[{"embeddable":true,"href":"https:\/\/www.europesays.com\/ee\/wp-json\/wp\/v2\/comments?post=258330"}],"version-history":[{"count":0,"href":"https:\/\/www.europesays.com\/ee\/wp-json\/wp\/v2\/posts\/258330\/revisions"}],"wp:featuredmedia":[{"embeddable":true,"href":"https:\/\/www.europesays.com\/ee\/wp-json\/wp\/v2\/media\/258331"}],"wp:attachment":[{"href":"https:\/\/www.europesays.com\/ee\/wp-json\/wp\/v2\/media?parent=258330"}],"wp:term":[{"taxonomy":"category","embeddable":true,"href":"https:\/\/www.europesays.com\/ee\/wp-json\/wp\/v2\/categories?post=258330"},{"taxonomy":"post_tag","embeddable":true,"href":"https:\/\/www.europesays.com\/ee\/wp-json\/wp\/v2\/tags?post=258330"}],"curies":[{"name":"wp","href":"https:\/\/api.w.org\/{rel}","templated":true}]}}