{"id":258336,"date":"2026-08-22T17:55:38","date_gmt":"2026-08-22T17:55:38","guid":{"rendered":"https:\/\/www.europesays.com\/ee\/258336\/"},"modified":"2026-08-22T17:55:38","modified_gmt":"2026-08-22T17:55:38","slug":"ukraina-voimud-soovivad-muua-sense-banki-ja-vallandada-juhtkonna-valismaa","status":"publish","type":"post","link":"https:\/\/www.europesays.com\/ee\/258336\/","title":{"rendered":"Ukraina v\u00f5imud soovivad m\u00fc\u00fca Sense Banki ja vallandada juhtkonna | V\u00e4lismaa"},"content":{"rendered":"<p>Ukraina v\u00f5imud algatasid riigile kuuluva Sense Banki n\u00f5ukogu esimehe ametist vabastamise ja tegevjuhi ametikohustuste peatamise seoses pangaga seotud ulatusliku korruptsiooniuurimisega.<\/p>\n<p>Uurimise all olevaid kahtlusaluseid s\u00fc\u00fcdistatakse umbes 150 miljoni grivna ehk 3,4 miljoni dollari ulatuses rahapesus ning raha \u00fclekandmises Sense Banki kaudu, et tasuda endise justiits- ja energeetikaministri Herman Halu\u0161t\u0161enko kautsjon.<\/p>\n<p>K\u00f5ige t\u00e4htsam kahtlusalune on president Volod\u00f5m\u00f5r Zelenski endine personali\u00fclema aset\u00e4itja Ir\u00f5na Mudra.<\/p>\n<p>Halu\u0161t\u0161enkole on esitatud s\u00fc\u00fcdistus rahapesus ja organiseeritud kuritegevuses eraldiseisvas asjas, mis keskendub riiklikule tuumaenergia monopolile Enerhoatomile. Tegemist on Zelenski ametiaja suurima korruptsiooniuurimisega. V\u00e4idetavalt on Enerhoatomi korruptsioonijuhtumiga seotud ka Sense Bank.<\/p>\n<p>Peaminister Serhi Koretsk\u00f5i teatas varem p\u00e4eval, et rahandusministeeriumile on tehtud \u00fclesandeks m\u00fc\u00fca Sense Bank ja kanda tulu \u00fcle s\u00f5jav\u00e4ele.<\/p>\n<p>&#8220;Selles protsessis on vaja tagada maksimaalne l\u00e4bipaistvus, konkurentsiv\u00f5ime ja efektiivsus,&#8221; \u00fctles Koretsk\u00f5i m\u00fc\u00fcgi kohta.<\/p>\n<p>&#8220;Samal ajal peab rahandusministeerium koos riigipangaga lahendama k\u00f5ik sellesse finantsasutusse kuhjunud probleemid ning tagama l\u00e4bipaistva ja kvaliteetse \u00fchingujuhtimise,&#8221; r\u00f5hutas peaminister.<\/p>\n","protected":false},"excerpt":{"rendered":"Ukraina v\u00f5imud algatasid riigile kuuluva Sense Banki n\u00f5ukogu esimehe ametist vabastamise ja tegevjuhi ametikohustuste peatamise seoses pangaga seotud&hellip;\n","protected":false},"author":2,"featured_media":258337,"comment_status":"","ping_status":"","sticky":false,"template":"","format":"standard","meta":{"footnotes":"","_share_on_mastodon":"0"},"categories":[80],"tags":[26,27,37,33,35,34,36,31,32,21,4097,28,29,95,19,25,3394,23,24,262,22,20,30,92,93,94],"class_list":["post-258336","post","type-post","status-publish","format-standard","has-post-thumbnail","category-maailm","tag-breaking-news","tag-breakingnews","tag-ee","tag-eesti","tag-eesti-keel","tag-estonia","tag-estonian","tag-featured-news","tag-featurednews","tag-headlines","tag-korruptsioon","tag-latest-news","tag-latestnews","tag-maailm","tag-news","tag-populaarseimad-lood","tag-rahapesu","tag-top-stories","tag-topstories","tag-ukraina","tag-uldised-uudised","tag-uudised","tag-viimased-uudised","tag-world","tag-world-news","tag-worldnews"],"share_on_mastodon":{"url":"https:\/\/pubeurope.com\/@ee\/117140450387632067","error":""},"_links":{"self":[{"href":"https:\/\/www.europesays.com\/ee\/wp-json\/wp\/v2\/posts\/258336","targetHints":{"allow":["GET"]}}],"collection":[{"href":"https:\/\/www.europesays.com\/ee\/wp-json\/wp\/v2\/posts"}],"about":[{"href":"https:\/\/www.europesays.com\/ee\/wp-json\/wp\/v2\/types\/post"}],"author":[{"embeddable":true,"href":"https:\/\/www.europesays.com\/ee\/wp-json\/wp\/v2\/users\/2"}],"replies":[{"embeddable":true,"href":"https:\/\/www.europesays.com\/ee\/wp-json\/wp\/v2\/comments?post=258336"}],"version-history":[{"count":0,"href":"https:\/\/www.europesays.com\/ee\/wp-json\/wp\/v2\/posts\/258336\/revisions"}],"wp:featuredmedia":[{"embeddable":true,"href":"https:\/\/www.europesays.com\/ee\/wp-json\/wp\/v2\/media\/258337"}],"wp:attachment":[{"href":"https:\/\/www.europesays.com\/ee\/wp-json\/wp\/v2\/media?parent=258336"}],"wp:term":[{"taxonomy":"category","embeddable":true,"href":"https:\/\/www.europesays.com\/ee\/wp-json\/wp\/v2\/categories?post=258336"},{"taxonomy":"post_tag","embeddable":true,"href":"https:\/\/www.europesays.com\/ee\/wp-json\/wp\/v2\/tags?post=258336"}],"curies":[{"name":"wp","href":"https:\/\/api.w.org\/{rel}","templated":true}]}}