{"id":258348,"date":"2026-08-22T18:26:08","date_gmt":"2026-08-22T18:26:08","guid":{"rendered":"https:\/\/www.europesays.com\/ee\/258348\/"},"modified":"2026-08-22T18:26:08","modified_gmt":"2026-08-22T18:26:08","slug":"balti-turniiri-voidukalt-alustanud-u15-koondis-mangis-teise-matsi-viiki-soccernet-ee","status":"publish","type":"post","link":"https:\/\/www.europesays.com\/ee\/258348\/","title":{"rendered":"Balti turniiri v\u00f5idukalt alustanud U15 koondis m\u00e4ngis teise mat\u0161i viiki &#8211; Soccernet.ee"},"content":{"rendered":"<p><img decoding=\"async\" src=\"https:\/\/www.europesays.com\/ee\/wp-content\/uploads\/2026\/08\/1787224288.jpeg\" alt=\"Eesti U15 koondis. Foto: Eesti Jalgpalli Liit\"\/>&#13;\n<\/p>\n<p>Neidude U15 koondis j\u00e4tkas t\u00e4na, 22. augustil Leedus toimuvat Balti turniiri kohtumisega v\u00f5\u00f5rustajariigi eakaaslaste vastu. L\u00f5puminutitel eduseisu k\u00e4est andnud Eesti leppis vastasega 2:2 viiki, kirjutab <a href=\"https:\/\/jalgpall.ee\/koondis\/9\/uudised\/eesti-neidude-u15-koondis-kirjutas-balti-turniiril-voidu-korvale-viigi-n26301\" target=\"_blank\" rel=\"nofollow noopener\">jalgpall.ee<\/a>.<\/p>\n<p>Eesti eest l\u00f5i m\u00f5lemad v\u00e4ravad Hanna Valner, kes viis v\u00f5istkonna juba avapoolajal 2:0 juhtima. M\u00e4ngu avav\u00e4rav s\u00fcndis 24. minutil, kui Valner m\u00e4ngis v\u00e4ljaku keskosas mitme leedulanna vahelt oma kiirusega l\u00e4bi, p\u00f5ikas m\u00f6\u00f6da v\u00e4ravavahist ning saatis palli t\u00fchjaks j\u00e4\u00e4nud v\u00e4ravasse. Vaid kuus minutit hiljem oli Valner taas t\u00e4pne. R\u00fcndaja sai karistusalas palli, m\u00e4ngis vastu tulnud v\u00e4ravavahi \u00fcle ning saatis palli tema selja taha. 36. minutil oli Valner l\u00e4hedal ka kolmandale tabamusele, kuid v\u00e4ravavahist m\u00f6\u00f6da saadetud pall veeres napilt v\u00e4ravast m\u00f6\u00f6da. Leedu j\u00f5udis avapoolajal k\u00fcll paaril korral Eesti karistusala l\u00e4histele, kuid ohtlikke momente ega v\u00e4ravat sellest ei s\u00fcndinud.<\/p>\n<p>Teisel poolajal tuli v\u00e4ljakule aktiivsemalt Leedu, kes surus m\u00e4ngu suuresti Eesti v\u00e4ljakupoolele ja asus otsima v\u00f5imalust kaotusseisu v\u00e4hendada. Tulemust tuli oodata 69. minutini, kui Leedu r\u00fcndaja m\u00e4ngis end oskuslikult eestlannadest m\u00f6\u00f6da ja saatis palli v\u00f5rku. 75. minutil teenis Eesti karistusl\u00f6\u00f6gi karistusala joone l\u00e4histelt, kuid pall tabas m\u00fc\u00fcri ning eduseisu suurendada ei \u00f5nnestunud. Leedu j\u00e4tkas Eesti v\u00e4rava all surve avaldamist ning 79. minutil j\u00f5uti ka viigiv\u00e4ravani, kui pall saadeti kindlalt sisek\u00fcljev\u00f5rku. See tabamus j\u00e4i ka kohtumises viimaseks.&#13;\n<\/p>\n<p>Turniiri esimesest kohtumisest on eestlannadel kirjas 5:0 v\u00f5it F\u00e4\u00e4ri saarte \u00fcle. Eesti peab oma viimase Balti turniiri kohtumise teisip\u00e4eval, 25. augustil kell 12 m\u00e4nguga L\u00e4ti vastu. M\u00e4ngu otsepilti on v\u00f5imalik j\u00e4lgida Leedu jalgpalliliidu videoplatvormi vahendusel.&#13;\n<\/p>\n<p>Tulemus:<\/p>\n<p>Leedu &#8211; Eesti 2:2 (0:2)<br \/>&#13;<br \/>\n70. ?, 79. Andreja Tamo\u0161auskaite &#8211; 24., 30. Hanna Valner&#13;\n<\/p>\n<p>Eesti: Isabel Karis, Marta Asi, Roosi Karolina R\u00fc\u00fctli, Grit Tomingas, Emili Talvik, Eva Sergejeva, Hanna Valner, Emma Kadak, Marta Pihu, Olivia Tilde Hautala, Julia Krasnova.<br \/>&#13;<br \/>\nVahetusest: Lija Koroban, Marili Sabre, Annabel Roondi, Vasilissa Vorobjova, Lisanne Hints, Liisi Mari Raudsepp, Iti Tamm, Marta Marii Hint, Nora Kapp, Marianna Ivanova, Betti Perling, Aleksandra Vaas.&#13;\n<\/p>\n<p>Eesti neidude U15 koondise koosseis Balti turniiril:&#13;\n<\/p>\n<p>V\u00e4ravavahid<br \/>&#13;<br \/>\nLija Koroban (21.02.2012) \u2013 Tallinna FC Levadia<br \/>&#13;<br \/>\nIsabel Karis (18.05.2013) \u2013 Tartu JK Tammeka<br \/>&#13;<br \/>\nMarili Sabre (29.07.2013) \u2013 Tartu JK Tammeka&#13;\n<\/p>\n<p>Kaitsjad<br \/>&#13;<br \/>\nRoosi Karolina R\u00fc\u00fctli (11.04.2012) \u2013 Tallinna FC Flora<br \/>&#13;<br \/>\nGrit Tomingas (21.07.2012) \u2013 Tallinna FC Flora<br \/>&#13;<br \/>\nLisanne Hints (18.07.2012) \u2013 Harju JK Laagri<br \/>&#13;<br \/>\nNora Kapp (13.12.2013) \u2013 Saku Sporting<br \/>&#13;<br \/>\nEva Sergejeva (25.05.2012) \u2013 Tallinna FC Levadia<br \/>&#13;<br \/>\nIti Tamm (24.06.2013) \u2013 Raasiku FC Joker<br \/>&#13;<br \/>\nBetti Perling (30.01.2013) \u2013 Tallinna FC Flora&#13;\n<\/p>\n<p>Poolkaitsjad ja r\u00fcndajad<br \/>&#13;<br \/>\nMarta Asi (14.05.2012) \u2013 FC Elva<br \/>&#13;<br \/>\nAleksandra Vaas (05.05.2013) \u2013 Tartu JK Tammeka<br \/>&#13;<br \/>\nAnnabel Roondi (29.07.2012) \u2013 Tallinna FC Flora<br \/>&#13;<br \/>\nHanna Valner (30.08.2012) \u2013 Tallinna FC Flora<br \/>&#13;<br \/>\nEmma Kadak (11.09.2012) \u2013 N\u00f5mme Kalju FC<br \/>&#13;<br \/>\nMarta Marii Hint (11.04.2012) \u2013 Tallinna FC Flora<br \/>&#13;<br \/>\nJulia Krasnova (19.10.2012) \u2013 Maardu LM JK<br \/>&#13;<br \/>\nMarianna Ivanova (21.05.2012) \u2013 Tallinna FC Flora<br \/>&#13;<br \/>\nMarta Pihu (08.06.2012) \u2013 Tartu JK Tammeka<br \/>&#13;<br \/>\nVasilissa Vorobjova (17.09.2013) \u2013 Kohtla-J\u00e4rve JK Noova<br \/>&#13;<br \/>\nLiisi Mari Raudsepp (03.10.2012) \u2013 Viimsi MRJK<br \/>&#13;<br \/>\nOlivia Hautala (24.10.2012) \u2013 Djurg\u00e5rdens IF (SWE)<br \/>&#13;<br \/>\nEmili Talvik (25.09.2012) \u2013 Harju JK Laagri&#13;\n<\/p>\n<p>Peatreener: Deniss Samoilov&#13;<\/p>\n","protected":false},"excerpt":{"rendered":"&#13; Neidude U15 koondis j\u00e4tkas t\u00e4na, 22. augustil Leedus toimuvat Balti turniiri kohtumisega v\u00f5\u00f5rustajariigi eakaaslaste vastu. L\u00f5puminutitel eduseisu&hellip;\n","protected":false},"author":2,"featured_media":258349,"comment_status":"","ping_status":"","sticky":false,"template":"","format":"standard","meta":{"footnotes":"","_share_on_mastodon":"0"},"categories":[18],"tags":[9597,37,33,35,34,36,3557,100617,159,158,38739,97584],"class_list":["post-258348","post","type-post","status-publish","format-standard","has-post-thumbnail","category-sport","tag-balti-turniir","tag-ee","tag-eesti","tag-eesti-keel","tag-estonia","tag-estonian","tag-neidude-u15-koondis","tag-neiud-u15","tag-sport","tag-sports","tag-u15","tag-u15-koondis"],"share_on_mastodon":{"url":"https:\/\/pubeurope.com\/@ee\/117140572749712119","error":""},"_links":{"self":[{"href":"https:\/\/www.europesays.com\/ee\/wp-json\/wp\/v2\/posts\/258348","targetHints":{"allow":["GET"]}}],"collection":[{"href":"https:\/\/www.europesays.com\/ee\/wp-json\/wp\/v2\/posts"}],"about":[{"href":"https:\/\/www.europesays.com\/ee\/wp-json\/wp\/v2\/types\/post"}],"author":[{"embeddable":true,"href":"https:\/\/www.europesays.com\/ee\/wp-json\/wp\/v2\/users\/2"}],"replies":[{"embeddable":true,"href":"https:\/\/www.europesays.com\/ee\/wp-json\/wp\/v2\/comments?post=258348"}],"version-history":[{"count":0,"href":"https:\/\/www.europesays.com\/ee\/wp-json\/wp\/v2\/posts\/258348\/revisions"}],"wp:featuredmedia":[{"embeddable":true,"href":"https:\/\/www.europesays.com\/ee\/wp-json\/wp\/v2\/media\/258349"}],"wp:attachment":[{"href":"https:\/\/www.europesays.com\/ee\/wp-json\/wp\/v2\/media?parent=258348"}],"wp:term":[{"taxonomy":"category","embeddable":true,"href":"https:\/\/www.europesays.com\/ee\/wp-json\/wp\/v2\/categories?post=258348"},{"taxonomy":"post_tag","embeddable":true,"href":"https:\/\/www.europesays.com\/ee\/wp-json\/wp\/v2\/tags?post=258348"}],"curies":[{"name":"wp","href":"https:\/\/api.w.org\/{rel}","templated":true}]}}