{"id":258370,"date":"2026-08-22T18:59:09","date_gmt":"2026-08-22T18:59:09","guid":{"rendered":"https:\/\/www.europesays.com\/ee\/258370\/"},"modified":"2026-08-22T18:59:09","modified_gmt":"2026-08-22T18:59:09","slug":"talviku-naitas-hollandi-mm-etapil-vaga-korralikku-hoogu","status":"publish","type":"post","link":"https:\/\/www.europesays.com\/ee\/258370\/","title":{"rendered":"Talviku n\u00e4itas Hollandi MM-etapil v\u00e4ga korralikku hoogu"},"content":{"rendered":"<p>Et p\u00fchap\u00e4eval on kavas p\u00f5his\u00f5idud, toimusid laup\u00e4eval treeningud ja kvalifikatsioon. Esmalt toimunud vabatreeningul s\u00f5itis Talviku paremuselt 16. ringiraja, kaotades kiireimale Jeffrey Herlingsile viie sekundiga. Kokku osales 33 meest.<\/p>\n<p>Ajalisel treeningul tegi Talviku m\u00e4rksa parema esituse. Ta s\u00f5itis k\u00f5rge 11. ringiaja, j\u00e4\u00e4des seekord Herlingsile alla 3,8 sekundiga. V\u00f5rreldes vabatreeninguga s\u00f5itis p\u00e4rnakas enam kui kolm sekundit parema ringiaja.<\/p>\n<p>S\u00e4\u00e4rane esitus andis lootust, et Talviku teeb v\u00e4geva kvalifikatsioonis\u00f5idu. Paraku nii h\u00e4sti ei l\u00e4inud, kuid halvasti ka mitte \u2013 Talviku sai 15. koha, kaotades v\u00f5itnud Herlingsile peaaegu pooleteist minutiga. Esik\u00fcmnest j\u00e4i teda lahutama seitse sekundit.<\/p>\n<p>M\u00f6\u00f6dunud n\u00e4dalavahetusel toimunud Rootsi MM-etapil sai Talviku kahe s\u00f5idu kokkuv\u00f5ttes 15. koha. Samal positsioonil fini\u0161eeris ta ka avas\u00f5idus, olles seal parim Fanticu mees. Teises s\u00f5idus sai tema meeskonnakaaslane Brent Van Doninck vigastada, mist\u00f5ttu ta Hollandis ei osale.<\/p>\n<p>P\u00fchap\u00e4eval algab esimene v\u00f5istluss\u00f5it Eesti aja j\u00e4rgi kell 15.15. Teine s\u00f5it algab 18.10.<\/p>\n","protected":false},"excerpt":{"rendered":"Et p\u00fchap\u00e4eval on kavas p\u00f5his\u00f5idud, toimusid laup\u00e4eval treeningud ja kvalifikatsioon. Esmalt toimunud vabatreeningul s\u00f5itis Talviku paremuselt 16. ringiraja,&hellip;\n","protected":false},"author":2,"featured_media":258371,"comment_status":"","ping_status":"","sticky":false,"template":"","format":"standard","meta":{"footnotes":"","_share_on_mastodon":"0"},"categories":[18],"tags":[37,33,35,34,36,100453,7535,5527,82526,159,158],"class_list":["post-258370","post","type-post","status-publish","format-standard","has-post-thumbnail","category-sport","tag-ee","tag-eesti","tag-eesti-keel","tag-estonia","tag-estonian","tag-hollandi-gp","tag-jorgen-matthias-talviku","tag-motokross","tag-mxgp","tag-sport","tag-sports"],"share_on_mastodon":{"url":"https:\/\/pubeurope.com\/@ee\/117140702114933784","error":""},"_links":{"self":[{"href":"https:\/\/www.europesays.com\/ee\/wp-json\/wp\/v2\/posts\/258370","targetHints":{"allow":["GET"]}}],"collection":[{"href":"https:\/\/www.europesays.com\/ee\/wp-json\/wp\/v2\/posts"}],"about":[{"href":"https:\/\/www.europesays.com\/ee\/wp-json\/wp\/v2\/types\/post"}],"author":[{"embeddable":true,"href":"https:\/\/www.europesays.com\/ee\/wp-json\/wp\/v2\/users\/2"}],"replies":[{"embeddable":true,"href":"https:\/\/www.europesays.com\/ee\/wp-json\/wp\/v2\/comments?post=258370"}],"version-history":[{"count":0,"href":"https:\/\/www.europesays.com\/ee\/wp-json\/wp\/v2\/posts\/258370\/revisions"}],"wp:featuredmedia":[{"embeddable":true,"href":"https:\/\/www.europesays.com\/ee\/wp-json\/wp\/v2\/media\/258371"}],"wp:attachment":[{"href":"https:\/\/www.europesays.com\/ee\/wp-json\/wp\/v2\/media?parent=258370"}],"wp:term":[{"taxonomy":"category","embeddable":true,"href":"https:\/\/www.europesays.com\/ee\/wp-json\/wp\/v2\/categories?post=258370"},{"taxonomy":"post_tag","embeddable":true,"href":"https:\/\/www.europesays.com\/ee\/wp-json\/wp\/v2\/tags?post=258370"}],"curies":[{"name":"wp","href":"https:\/\/api.w.org\/{rel}","templated":true}]}}