{"id":258386,"date":"2026-08-22T19:23:06","date_gmt":"2026-08-22T19:23:06","guid":{"rendered":"https:\/\/www.europesays.com\/ee\/258386\/"},"modified":"2026-08-22T19:23:06","modified_gmt":"2026-08-22T19:23:06","slug":"tiktokker-sonia-bellina-johker-tapmine-viinamarjaistanduses-pani-prantsusmaa-kihama","status":"publish","type":"post","link":"https:\/\/www.europesays.com\/ee\/258386\/","title":{"rendered":"Tiktokker Sonia Bellina j\u00f5hker tapmine viinamarjaistanduses pani Prantsusmaa kihama"},"content":{"rendered":"<p>L\u00f5una-Prantsusmaal viinamarjaistandusest leitud noore naise p\u00f5letatud surnukeha juhtumiga seoses on kinni peetud kaks meest, teatas kohalik prokuratuur.<\/p>\n<p>N\u00eemes\u2019i prokur\u00f6r C\u00e9cile Gensac kinnitas kolmap\u00e4evases avalduses, et Saint-Gilles\u2019i viinamarjaistandusest leitud surnukeha kuulub sotsiaalmeediam\u00f5jutaja Sonia Bellinale, kirjutab <a target=\"_blank\" rel=\"noopener noreferrer nofollow\" href=\"https:\/\/www.bbc.com\/news\/articles\/c3r058eeqv2o\">BBC<\/a>.<\/p>\n","protected":false},"excerpt":{"rendered":"L\u00f5una-Prantsusmaal viinamarjaistandusest leitud noore naise p\u00f5letatud surnukeha juhtumiga seoses on kinni peetud kaks meest, teatas kohalik prokuratuur. N\u00eemes\u2019i&hellip;\n","protected":false},"author":2,"featured_media":258387,"comment_status":"","ping_status":"","sticky":false,"template":"","format":"standard","meta":{"footnotes":"","_share_on_mastodon":"0"},"categories":[80],"tags":[26,27,100626,37,33,35,34,36,31,32,21,100628,100627,28,29,10305,95,32999,100629,19,100624,100625,25,13443,100622,100623,328,23,24,22,20,30,7983,92,93,94],"class_list":["post-258386","post","type-post","status-publish","format-standard","has-post-thumbnail","category-maailm","tag-breaking-news","tag-breakingnews","tag-cecile-gensac","tag-ee","tag-eesti","tag-eesti-keel","tag-estonia","tag-estonian","tag-featured-news","tag-featurednews","tag-headlines","tag-internetikiusamine","tag-kuulujutud-ja-spekulatsioonid","tag-latest-news","tag-latestnews","tag-louna-prantsusmaa","tag-maailm","tag-morvauurimine","tag-mourad-battikh","tag-news","tag-nimes","tag-poletatud-surnukeha","tag-populaarseimad-lood","tag-saint-gilles","tag-sonia-bellina","tag-sotsiaalmeedia-mojutaja","tag-tiktok","tag-top-stories","tag-topstories","tag-uldised-uudised","tag-uudised","tag-viimased-uudised","tag-viinamarjaistandus","tag-world","tag-world-news","tag-worldnews"],"share_on_mastodon":{"url":"","error":"Validation failed: Text character limit of 500 exceeded"},"_links":{"self":[{"href":"https:\/\/www.europesays.com\/ee\/wp-json\/wp\/v2\/posts\/258386","targetHints":{"allow":["GET"]}}],"collection":[{"href":"https:\/\/www.europesays.com\/ee\/wp-json\/wp\/v2\/posts"}],"about":[{"href":"https:\/\/www.europesays.com\/ee\/wp-json\/wp\/v2\/types\/post"}],"author":[{"embeddable":true,"href":"https:\/\/www.europesays.com\/ee\/wp-json\/wp\/v2\/users\/2"}],"replies":[{"embeddable":true,"href":"https:\/\/www.europesays.com\/ee\/wp-json\/wp\/v2\/comments?post=258386"}],"version-history":[{"count":0,"href":"https:\/\/www.europesays.com\/ee\/wp-json\/wp\/v2\/posts\/258386\/revisions"}],"wp:featuredmedia":[{"embeddable":true,"href":"https:\/\/www.europesays.com\/ee\/wp-json\/wp\/v2\/media\/258387"}],"wp:attachment":[{"href":"https:\/\/www.europesays.com\/ee\/wp-json\/wp\/v2\/media?parent=258386"}],"wp:term":[{"taxonomy":"category","embeddable":true,"href":"https:\/\/www.europesays.com\/ee\/wp-json\/wp\/v2\/categories?post=258386"},{"taxonomy":"post_tag","embeddable":true,"href":"https:\/\/www.europesays.com\/ee\/wp-json\/wp\/v2\/tags?post=258386"}],"curies":[{"name":"wp","href":"https:\/\/api.w.org\/{rel}","templated":true}]}}