{"id":258390,"date":"2026-08-22T19:32:16","date_gmt":"2026-08-22T19:32:16","guid":{"rendered":"https:\/\/www.europesays.com\/ee\/258390\/"},"modified":"2026-08-22T19:32:16","modified_gmt":"2026-08-22T19:32:16","slug":"video-%e2%9f%a9-debutandi-iluvarav-andis-tammeka-eurokohajahile-kutust-kalju-sai-ullatuskaotuse","status":"publish","type":"post","link":"https:\/\/www.europesays.com\/ee\/258390\/","title":{"rendered":"VIDEO \u27e9 Deb\u00fctandi iluv\u00e4rav andis Tammeka eurokohajahile k\u00fctust, Kalju sai \u00fcllatuskaotuse"},"content":{"rendered":"<p>Kohtumise ainuv\u00e4rav s\u00fcndis 16. minutil. Pall p\u00f5rkas brasiillase Kauan Pereira p\u00f5rkest ilusti ette Moussa Sambele, kes l\u00f5i esimese puutega ligikaudu 25 meetrilt posti k\u00f5rvale.<\/p>\n<p>See oli Sambe esimene m\u00e4ng Tammeka s\u00e4rgis. Hiljuti Premium liiga liidri Tallinna Levadia ridadest laenulepingu alusel Tartusse saadetud 20-aastane Senegali r\u00fcndaja oli enne osalenud kaheksas Premium liiga kohtumises, mille jooksul j\u00e4i v\u00e4ravaarve avamata.<\/p>\n<p>V\u00f5idukas Tammeka j\u00e4tkab eurokoha jahti. Praegu hoitakse 32 punktiga viiendat kohta, neljandal real olev Paide Linnameeskond edestab neid nelja silmaga. Kui Tammeka v\u00f5idab varusoleva m\u00e4ngu, j\u00e4\u00e4b vahe vaid \u00fcks punkt. Teadup\u00e4rast p\u00e4\u00e4sevad esimesed neli eurosarja, kui karikav\u00f5istlusi ei v\u00f5ida m\u00f5ni meeskond, kes on tabelis allpool.<\/p>\n<p>Kuressaare jaoks oli kaotus kehv, sest endiselt ollakse \u00fcleminekum\u00e4ngudele viival eelviimasel kohal. Ohutus k\u00f5rguses olev N\u00f5mme United edestab neid punktiga olukorras, kus Unitedil on m\u00e4ng varuks.<\/p>\n<p>Kui Tammekal oli hea, siis tabelis teist kohta hoidval N\u00f5mme Kaljul kehv p\u00e4ev. Nimelt j\u00e4i Kalju 0:1 alla Harju Laagrile, ainuv\u00e4rava l\u00f5i 66. minutil Reinhard Reimaa.<\/p>\n<p>Kalju p\u00fcsib k\u00fcll 44 punktiga teisel kohal, kuid v\u00f5ib l\u00e4hiajal vabalt langeda, sest l\u00e4himal j\u00e4litajal Tallinna Floral, kes j\u00e4\u00e4b viie punkti kaugusele, on kolm m\u00e4ngu varuks. Samuti ohustavad Kaljut ka Paide ja Tammeka, kes j\u00e4\u00e4vad vastavalt 8 ja 12 punkti kaugusele, kuid neil on 2 ja 3 m\u00e4ngu varuks.<\/p>\n<p><img decoding=\"async\" class=\"figure__image\" onclick=\"triggerEvent('articleImageClick', { id: 17871864, focus: 'single-image', focusIndex: '17871864' })\" onkeydown=\"if (event.key === 'Enter') {&#10;        triggerEvent('articleImageClick', { id: 17871864, focus: 'single-image', focusIndex: '17871864' })&#10;        }\" role=\"button\" tabindex=\"0\" data-focus-from=\"single-image\" data-focus-index=\"17871864\" src=\"https:\/\/www.europesays.com\/ee\/wp-content\/uploads\/2026\/08\/17871864t1he8be.png\"  onload=\"this.parentElement.classList.remove('figure__image-loading')\" alt=\"Premium liiga tabel.\"\/>Premium liiga tabel. Foto: Kuvat\u00f5mmis<\/p>\n","protected":false},"excerpt":{"rendered":"Kohtumise ainuv\u00e4rav s\u00fcndis 16. minutil. Pall p\u00f5rkas brasiillase Kauan Pereira p\u00f5rkest ilusti ette Moussa Sambele, kes l\u00f5i esimese&hellip;\n","protected":false},"author":2,"featured_media":258391,"comment_status":"","ping_status":"","sticky":false,"template":"","format":"standard","meta":{"footnotes":"","_share_on_mastodon":"0"},"categories":[18],"tags":[37,33,35,34,36,2640,456,8224,1359,167,159,158,702],"class_list":["post-258390","post","type-post","status-publish","format-standard","has-post-thumbnail","category-sport","tag-ee","tag-eesti","tag-eesti-keel","tag-estonia","tag-estonian","tag-harju-laagri","tag-kuressaare","tag-moussa-sambe","tag-nomme-kalju","tag-premium-liiga","tag-sport","tag-sports","tag-tartu-tammeka"],"share_on_mastodon":{"url":"https:\/\/pubeurope.com\/@ee\/117140832413811399","error":""},"_links":{"self":[{"href":"https:\/\/www.europesays.com\/ee\/wp-json\/wp\/v2\/posts\/258390","targetHints":{"allow":["GET"]}}],"collection":[{"href":"https:\/\/www.europesays.com\/ee\/wp-json\/wp\/v2\/posts"}],"about":[{"href":"https:\/\/www.europesays.com\/ee\/wp-json\/wp\/v2\/types\/post"}],"author":[{"embeddable":true,"href":"https:\/\/www.europesays.com\/ee\/wp-json\/wp\/v2\/users\/2"}],"replies":[{"embeddable":true,"href":"https:\/\/www.europesays.com\/ee\/wp-json\/wp\/v2\/comments?post=258390"}],"version-history":[{"count":0,"href":"https:\/\/www.europesays.com\/ee\/wp-json\/wp\/v2\/posts\/258390\/revisions"}],"wp:featuredmedia":[{"embeddable":true,"href":"https:\/\/www.europesays.com\/ee\/wp-json\/wp\/v2\/media\/258391"}],"wp:attachment":[{"href":"https:\/\/www.europesays.com\/ee\/wp-json\/wp\/v2\/media?parent=258390"}],"wp:term":[{"taxonomy":"category","embeddable":true,"href":"https:\/\/www.europesays.com\/ee\/wp-json\/wp\/v2\/categories?post=258390"},{"taxonomy":"post_tag","embeddable":true,"href":"https:\/\/www.europesays.com\/ee\/wp-json\/wp\/v2\/tags?post=258390"}],"curies":[{"name":"wp","href":"https:\/\/api.w.org\/{rel}","templated":true}]}}