{"id":258422,"date":"2026-08-22T21:00:12","date_gmt":"2026-08-22T21:00:12","guid":{"rendered":"https:\/\/www.europesays.com\/ee\/258422\/"},"modified":"2026-08-22T21:00:12","modified_gmt":"2026-08-22T21:00:12","slug":"drelli-ja-suurorgu-tagasi-ootav-rannula-oli-ka-positiivset-aga-peame-leidma-lahendused-et-asi-laadaks-ei-laheks","status":"publish","type":"post","link":"https:\/\/www.europesays.com\/ee\/258422\/","title":{"rendered":"Drelli ja Suurorgu tagasi ootav Rannula: oli ka positiivset, aga peame leidma lahendused, et asi laadaks ei l\u00e4heks"},"content":{"rendered":"<p>Eesti m\u00e4ngis esimese poolaja v\u00f5\u00f5rustajatega v\u00f5rdselt. Esimese veerandi j\u00e4rel oli seis 21:23, poolajapausi eel 37:39. Teise poolaja alguses viis <a rel=\"noopener nofollow\" target=\"_blank\" href=\"https:\/\/www.delfi.ee\/teema\/66053176\/kristian-kullamae\" tag-id=\"66053176\">Kristian Kullam\u00e4e<\/a> Eesti 44:41 ette, mille j\u00e4rel Itaalia vastas v\u00e4hem kui viie minuti jooksul 20:2 spurdiga. M\u00e4ng oli hoobilt tehtud.<\/p>\n<p>\u201eMingil hetkel sattusid meil ebatavalised koosseisud v\u00e4ljakule ja minu hinnangul tehti meile (kohtunike poolt) natukene liiga ka. J\u00e4eti mingid asjad vilistamata. Aga panime korvi alt m\u00f6\u00f6da ja meeskondlik lagunemine, eriti kaitses, kindlasti ei meeldinud. Esimesest 25 minutist on ka v\u00e4ga palju positiivset v\u00f5tta, sest kaitses olime paremad kui Leedu vastu. Kuid teatud koosseisudega peame treeneritena leidma lahendused, et distsipliin p\u00fcsiks ja asi laadaks ei l\u00e4heks,\u201c k\u00f5las Rannula res\u00fcmee.<\/p>\n<p><a href=\"https:\/\/sport.delfi.ee\/artikkel\/120605434\/drelli-ja-suurorgu-tagasi-ootav-rannula-oli-ka-positiivset-aga-peame-leidma-lahendused-et-asi-laadaks-ei-laheks\/kommentaarid\" class=\"button button--primary button--size-auto article-body-bottom__comment article-body-bottom__comment--write\" style=\"\" rel=\"nofollow noopener\" target=\"_blank\">Kommenteeri<\/a><a href=\"https:\/\/sport.delfi.ee\/artikkel\/120605434\/drelli-ja-suurorgu-tagasi-ootav-rannula-oli-ka-positiivset-aga-peame-leidma-lahendused-et-asi-laadaks-ei-laheks\/kommentaarid\" class=\"button button--size-auto article-body-bottom__comment article-body-bottom__comment--read\" style=\"\" rel=\"nofollow noopener\" target=\"_blank\">Loe kommentaare <\/a><\/p>\n","protected":false},"excerpt":{"rendered":"Eesti m\u00e4ngis esimese poolaja v\u00f5\u00f5rustajatega v\u00f5rdselt. Esimese veerandi j\u00e4rel oli seis 21:23, poolajapausi eel 37:39. Teise poolaja alguses&hellip;\n","protected":false},"author":2,"featured_media":258423,"comment_status":"","ping_status":"","sticky":false,"template":"","format":"standard","meta":{"footnotes":"","_share_on_mastodon":"0"},"categories":[18],"tags":[37,33,35,34,36,1180,41,847,159,158],"class_list":["post-258422","post","type-post","status-publish","format-standard","has-post-thumbnail","category-sport","tag-ee","tag-eesti","tag-eesti-keel","tag-estonia","tag-estonian","tag-heiko-rannula","tag-henri-drell","tag-kristian-kullamae","tag-sport","tag-sports"],"share_on_mastodon":{"url":"https:\/\/pubeurope.com\/@ee\/117141178117449434","error":""},"_links":{"self":[{"href":"https:\/\/www.europesays.com\/ee\/wp-json\/wp\/v2\/posts\/258422","targetHints":{"allow":["GET"]}}],"collection":[{"href":"https:\/\/www.europesays.com\/ee\/wp-json\/wp\/v2\/posts"}],"about":[{"href":"https:\/\/www.europesays.com\/ee\/wp-json\/wp\/v2\/types\/post"}],"author":[{"embeddable":true,"href":"https:\/\/www.europesays.com\/ee\/wp-json\/wp\/v2\/users\/2"}],"replies":[{"embeddable":true,"href":"https:\/\/www.europesays.com\/ee\/wp-json\/wp\/v2\/comments?post=258422"}],"version-history":[{"count":0,"href":"https:\/\/www.europesays.com\/ee\/wp-json\/wp\/v2\/posts\/258422\/revisions"}],"wp:featuredmedia":[{"embeddable":true,"href":"https:\/\/www.europesays.com\/ee\/wp-json\/wp\/v2\/media\/258423"}],"wp:attachment":[{"href":"https:\/\/www.europesays.com\/ee\/wp-json\/wp\/v2\/media?parent=258422"}],"wp:term":[{"taxonomy":"category","embeddable":true,"href":"https:\/\/www.europesays.com\/ee\/wp-json\/wp\/v2\/categories?post=258422"},{"taxonomy":"post_tag","embeddable":true,"href":"https:\/\/www.europesays.com\/ee\/wp-json\/wp\/v2\/tags?post=258422"}],"curies":[{"name":"wp","href":"https:\/\/api.w.org\/{rel}","templated":true}]}}