{"id":258528,"date":"2026-08-23T06:26:10","date_gmt":"2026-08-23T06:26:10","guid":{"rendered":"https:\/\/www.europesays.com\/ee\/258528\/"},"modified":"2026-08-23T06:26:10","modified_gmt":"2026-08-23T06:26:10","slug":"erkki-koort-%e2%9f%a9-maja-kus-registreeritakse-kandidaate-eesti-presidendiks-lasti-venemaa-poolt-ohku","status":"publish","type":"post","link":"https:\/\/www.europesays.com\/ee\/258528\/","title":{"rendered":"ERKKI KOORT \u27e9 Maja, kus registreeritakse kandidaate Eesti presidendiks, lasti Venemaa poolt \u00f5hku"},"content":{"rendered":"<p class=\"x_MsoNormal\">15. augustil kell 1.45 sai H\u00e4irekeskus \u00e4reva k\u00f5ne kohalikult elanikult, kes teavitas kahtlasest tegevusest Lasnam\u00e4el Betooni t\u00e4naval. Eesti kaitset\u00f6\u00f6stuse ettev\u00f5tte Milrem Roboticsi kasutuses olevas hoones oli tulekahju, mille tekkep\u00f5hjusena kahtlustatakse s\u00fc\u00fctamist. Praegu avaldatud andmete p\u00f5hjal on p\u00f5hjust arvata, et s\u00fc\u00fctamine viidi l\u00e4bi Venemaa F\u00f6deratsiooni julgeolekuteenistuse otseste n\u00e4pun\u00e4idete kohaselt ja nende juhendamisel. See ei ole esimene kord Euroopas, ega ka Eestis.<\/p>\n","protected":false},"excerpt":{"rendered":"15. augustil kell 1.45 sai H\u00e4irekeskus \u00e4reva k\u00f5ne kohalikult elanikult, kes teavitas kahtlasest tegevusest Lasnam\u00e4el Betooni t\u00e4naval. Eesti&hellip;\n","protected":false},"author":2,"featured_media":258529,"comment_status":"","ping_status":"","sticky":false,"template":"","format":"standard","meta":{"footnotes":"","_share_on_mastodon":"0"},"categories":[5],"tags":[26,27,37,33,99104,26925,35,34,36,31,32,21,5185,29870,18358,8817,28,29,100661,8549,19,100662,25,4344,100660,23,24,22,20,30],"class_list":["post-258528","post","type-post","status-publish","format-standard","has-post-thumbnail","category-uldised-uudised","tag-breaking-news","tag-breakingnews","tag-ee","tag-eesti","tag-eesti-iseseisvuse-taastamine","tag-eesti-julgeolek","tag-eesti-keel","tag-estonia","tag-estonian","tag-featured-news","tag-featurednews","tag-headlines","tag-hubriidsoda","tag-interrinne","tag-julgeolekuteenistus","tag-kaitsepolitseiamet","tag-latest-news","tag-latestnews","tag-mihhail-lossenko","tag-milrem-robotics","tag-news","tag-pihkva-dessantvaed","tag-populaarseimad-lood","tag-sabotaaz","tag-tehasetulekahju","tag-top-stories","tag-topstories","tag-uldised-uudised","tag-uudised","tag-viimased-uudised"],"share_on_mastodon":{"url":"","error":"Validation failed: Text character limit of 500 exceeded"},"_links":{"self":[{"href":"https:\/\/www.europesays.com\/ee\/wp-json\/wp\/v2\/posts\/258528","targetHints":{"allow":["GET"]}}],"collection":[{"href":"https:\/\/www.europesays.com\/ee\/wp-json\/wp\/v2\/posts"}],"about":[{"href":"https:\/\/www.europesays.com\/ee\/wp-json\/wp\/v2\/types\/post"}],"author":[{"embeddable":true,"href":"https:\/\/www.europesays.com\/ee\/wp-json\/wp\/v2\/users\/2"}],"replies":[{"embeddable":true,"href":"https:\/\/www.europesays.com\/ee\/wp-json\/wp\/v2\/comments?post=258528"}],"version-history":[{"count":0,"href":"https:\/\/www.europesays.com\/ee\/wp-json\/wp\/v2\/posts\/258528\/revisions"}],"wp:featuredmedia":[{"embeddable":true,"href":"https:\/\/www.europesays.com\/ee\/wp-json\/wp\/v2\/media\/258529"}],"wp:attachment":[{"href":"https:\/\/www.europesays.com\/ee\/wp-json\/wp\/v2\/media?parent=258528"}],"wp:term":[{"taxonomy":"category","embeddable":true,"href":"https:\/\/www.europesays.com\/ee\/wp-json\/wp\/v2\/categories?post=258528"},{"taxonomy":"post_tag","embeddable":true,"href":"https:\/\/www.europesays.com\/ee\/wp-json\/wp\/v2\/tags?post=258528"}],"curies":[{"name":"wp","href":"https:\/\/api.w.org\/{rel}","templated":true}]}}