{"id":258546,"date":"2026-08-23T06:56:06","date_gmt":"2026-08-23T06:56:06","guid":{"rendered":"https:\/\/www.europesays.com\/ee\/258546\/"},"modified":"2026-08-23T06:56:06","modified_gmt":"2026-08-23T06:56:06","slug":"vaga-ohtlik-mang-usa-erisaadiku-sonul-uritab-iisrael-turgiga-valimiste-eel-konflikti-provotseerida","status":"publish","type":"post","link":"https:\/\/www.europesays.com\/ee\/258546\/","title":{"rendered":"\u201eV\u00e4ga ohtlik m\u00e4ng.\u201c USA erisaadiku s\u00f5nul \u00fcritab Iisrael T\u00fcrgiga valimiste eel konflikti provotseerida"},"content":{"rendered":"<p>Barrack on korraga USA suursaadik T\u00fcrgis ning erisaadik Iraagis ja <a rel=\"noopener nofollow\" target=\"_blank\" href=\"https:\/\/www.delfi.ee\/teema\/35428127\/suuria\" tag-id=\"35428127\">S\u00fc\u00fcrias<\/a>. Diplomaat m\u00e4rkis, et tema mulje j\u00e4rgi v\u00f5ib Iisraeli peaministri <a rel=\"noopener nofollow\" target=\"_blank\" href=\"https:\/\/www.delfi.ee\/teema\/34675697\/benjamin-netanyahu\" tag-id=\"34675697\">Benjamin Netanyahu<\/a> valitsus \u00fcritada oktoobri valimiste eel punkte koguda, \u00f5rritades T\u00fcrgit vastasseisule.  <\/p>\n<p>Saadik kommenteeris teisip\u00e4eval Iisraeli poolt P\u00f5hja-S\u00fc\u00fcrias v\u00e4idetava T\u00fcrgi baasi pihta antud \u00f5hul\u00f6\u00f6ke ning \u00fctles, et Iisraeli avaldused T\u00fcrgi provokatsioonide kohta ei pea paika. Samas pidas ta v\u00f5imalikuks, et r\u00fcnnakule eelnesid olid m\u00f6\u00f6dar\u00e4\u00e4kimised Netanyahu kabineti, Iisraeli armee ja luureteenistuse Mossad ametnike vahel. Ta v\u00e4ljendas heameelt, et T\u00fcrgi ei ole s\u00f5jalisest vastul\u00f6\u00f6gist huvitatud, aga hoiatas, et Iisraeli vigadel v\u00f5iksid olla saatuslikud tagaj\u00e4rjed v\u00f5i koguni Kolmas maailmas\u00f5da.<\/p>\n<p><a href=\"https:\/\/www.delfi.ee\/artikkel\/120605447\/vaga-ohtlik-mang-usa-erisaadiku-sonul-uritab-iisrael-turgiga-valimiste-eel-konflikti-provotseerida\/kommentaarid\" class=\"button button--primary button--size-auto article-body-bottom__comment article-body-bottom__comment--write\" style=\"\" rel=\"nofollow noopener\" target=\"_blank\">Kommenteeri<\/a><a href=\"https:\/\/www.delfi.ee\/artikkel\/120605447\/vaga-ohtlik-mang-usa-erisaadiku-sonul-uritab-iisrael-turgiga-valimiste-eel-konflikti-provotseerida\/kommentaarid\" class=\"button button--size-auto article-body-bottom__comment article-body-bottom__comment--read\" style=\"\" rel=\"nofollow noopener\" target=\"_blank\">Loe kommentaare (7)<\/a><\/p>\n","protected":false},"excerpt":{"rendered":"Barrack on korraga USA suursaadik T\u00fcrgis ning erisaadik Iraagis ja S\u00fc\u00fcrias. Diplomaat m\u00e4rkis, et tema mulje j\u00e4rgi v\u00f5ib&hellip;\n","protected":false},"author":2,"featured_media":258547,"comment_status":"","ping_status":"","sticky":false,"template":"","format":"standard","meta":{"footnotes":"","_share_on_mastodon":"0"},"categories":[14],"tags":[131,621,130,37,33,35,34,36,7237,2066,1604,100666,329,325],"class_list":["post-258546","post","type-post","status-publish","format-standard","has-post-thumbnail","category-ari","tag-ari","tag-benjamin-netanyahu","tag-business","tag-ee","tag-eesti","tag-eesti-keel","tag-estonia","tag-estonian","tag-israel-katz","tag-recep-tayyip-erdogan","tag-suuria","tag-tom-barrack","tag-turgi","tag-usa"],"share_on_mastodon":{"url":"","error":""},"_links":{"self":[{"href":"https:\/\/www.europesays.com\/ee\/wp-json\/wp\/v2\/posts\/258546","targetHints":{"allow":["GET"]}}],"collection":[{"href":"https:\/\/www.europesays.com\/ee\/wp-json\/wp\/v2\/posts"}],"about":[{"href":"https:\/\/www.europesays.com\/ee\/wp-json\/wp\/v2\/types\/post"}],"author":[{"embeddable":true,"href":"https:\/\/www.europesays.com\/ee\/wp-json\/wp\/v2\/users\/2"}],"replies":[{"embeddable":true,"href":"https:\/\/www.europesays.com\/ee\/wp-json\/wp\/v2\/comments?post=258546"}],"version-history":[{"count":0,"href":"https:\/\/www.europesays.com\/ee\/wp-json\/wp\/v2\/posts\/258546\/revisions"}],"wp:featuredmedia":[{"embeddable":true,"href":"https:\/\/www.europesays.com\/ee\/wp-json\/wp\/v2\/media\/258547"}],"wp:attachment":[{"href":"https:\/\/www.europesays.com\/ee\/wp-json\/wp\/v2\/media?parent=258546"}],"wp:term":[{"taxonomy":"category","embeddable":true,"href":"https:\/\/www.europesays.com\/ee\/wp-json\/wp\/v2\/categories?post=258546"},{"taxonomy":"post_tag","embeddable":true,"href":"https:\/\/www.europesays.com\/ee\/wp-json\/wp\/v2\/tags?post=258546"}],"curies":[{"name":"wp","href":"https:\/\/api.w.org\/{rel}","templated":true}]}}