{"id":258566,"date":"2026-08-23T07:30:10","date_gmt":"2026-08-23T07:30:10","guid":{"rendered":"https:\/\/www.europesays.com\/ee\/258566\/"},"modified":"2026-08-23T07:30:10","modified_gmt":"2026-08-23T07:30:10","slug":"venemaal-sai-drooniloogi-juba-teine-ozoni-logistikakeskus-poleng-toimus-ka-peterburi-hulgilaos","status":"publish","type":"post","link":"https:\/\/www.europesays.com\/ee\/258566\/","title":{"rendered":"Venemaal sai droonil\u00f6\u00f6gi juba teine Ozoni logistikakeskus, p\u00f5leng toimus ka Peterburi hulgilaos"},"content":{"rendered":"<p>P\u00fchap\u00e4eva hommikul sai droonil\u00f6\u00f6giga pihta j\u00e4rjekorras teine Ozoni ladu, mis asub <a rel=\"noopener nofollow\" target=\"_blank\" href=\"https:\/\/www.delfi.ee\/teema\/96860637\/orenburg-1\" tag-id=\"96860637\">Orenburgis<\/a>. Firma teatel evakueeriti piirkonnast 300 t\u00f6\u00f6tajat, v\u00f5imude s\u00f5nul on droonit\u00fckkidest tekkinud p\u00f5leng kustutatud.<\/p>\n<p>P\u00e4ev varem oli Ukraina korraldanud droonir\u00fcnnaku Samara oblastis, kus sai lisaks naftatehasele pihta ka Ozoni logistikakeskus. Suitsupilv p\u00fcsis lao kohal ka p\u00fchap\u00e4eva hommikul ning avaldati uusi kaadreid p\u00f5lengu kustutamisest. <\/p>\n<p>Samuti s\u00fcttis \u00f6\u00f6l vastu p\u00fchap\u00e4eva p\u00f5lema <a rel=\"noopener nofollow\" target=\"_blank\" href=\"https:\/\/www.delfi.ee\/teema\/26007553\/peterburi\" tag-id=\"26007553\">Peterburis<\/a> Koplinos asuv ligi 80 000-ruutmeetrise laopinnaga hulgiladu, mis kuulub ettev\u00f5ttele Otvestvennoje hranenie logistera.<\/p>\n<p>Ukraina kaitseministeerium kommenteeris laup\u00e4eval avaldatud teates, et r\u00fcnnatakse objekte, mis toetavad lisaks Vene tavamajandusele ka s\u00f5japidamist. Samas m\u00e4rgivad vaatlejad, et Vene veebikaubamajade s\u00fcstemaatiline r\u00fcndamine survestab laiemalt Vene ettev\u00f5tlust ja selle kaudu ka pangandust. <\/p>\n<p>Vene v\u00f5imud kinnitasid Ukraina droonil\u00f6\u00f6kide t\u00f5rjumist 17 regioonis ja okupeeritud Krimmis, samuti Aasovi ja Musta mere kohal. Moskva v\u00f5imude teatel tulistati pealinnas alla kuus drooni. 15 Vene lennujaamas, sealhulgas Moskva Domodedovo lennujaamas teatati liikluse ajutisest piiramisest.<\/p>\n<p>Kuidas see lugu Sind end tundma pani?Saada<a href=\"https:\/\/www.delfi.ee\/artikkel\/120605453\/venemaal-sai-drooniloogi-juba-teine-ozoni-logistikakeskus-poleng-toimus-ka-peterburi-hulgilaos\/kommentaarid\" class=\"button button--primary button--size-auto article-body-bottom__comment article-body-bottom__comment--write\" style=\"\" rel=\"nofollow noopener\" target=\"_blank\">Kommenteeri<\/a><a href=\"https:\/\/www.delfi.ee\/artikkel\/120605453\/venemaal-sai-drooniloogi-juba-teine-ozoni-logistikakeskus-poleng-toimus-ka-peterburi-hulgilaos\/kommentaarid\" class=\"button button--size-auto article-body-bottom__comment article-body-bottom__comment--read\" style=\"\" rel=\"nofollow noopener\" target=\"_blank\">Loe kommentaare (17)<\/a><\/p>\n","protected":false},"excerpt":{"rendered":"P\u00fchap\u00e4eva hommikul sai droonil\u00f6\u00f6giga pihta j\u00e4rjekorras teine Ozoni ladu, mis asub Orenburgis. Firma teatel evakueeriti piirkonnast 300 t\u00f6\u00f6tajat,&hellip;\n","protected":false},"author":2,"featured_media":258567,"comment_status":"","ping_status":"","sticky":false,"template":"","format":"standard","meta":{"footnotes":"","_share_on_mastodon":"0"},"categories":[80],"tags":[26,27,37,33,35,34,36,31,32,21,28,29,95,19,7552,939,25,107,23,24,262,22,20,96,30,92,93,94],"class_list":["post-258566","post","type-post","status-publish","format-standard","has-post-thumbnail","category-maailm","tag-breaking-news","tag-breakingnews","tag-ee","tag-eesti","tag-eesti-keel","tag-estonia","tag-estonian","tag-featured-news","tag-featurednews","tag-headlines","tag-latest-news","tag-latestnews","tag-maailm","tag-news","tag-orenburg","tag-peterburi","tag-populaarseimad-lood","tag-soda-ukrainas","tag-top-stories","tag-topstories","tag-ukraina","tag-uldised-uudised","tag-uudised","tag-venemaa","tag-viimased-uudised","tag-world","tag-world-news","tag-worldnews"],"share_on_mastodon":{"url":"https:\/\/pubeurope.com\/@ee\/117143655391139548","error":""},"_links":{"self":[{"href":"https:\/\/www.europesays.com\/ee\/wp-json\/wp\/v2\/posts\/258566","targetHints":{"allow":["GET"]}}],"collection":[{"href":"https:\/\/www.europesays.com\/ee\/wp-json\/wp\/v2\/posts"}],"about":[{"href":"https:\/\/www.europesays.com\/ee\/wp-json\/wp\/v2\/types\/post"}],"author":[{"embeddable":true,"href":"https:\/\/www.europesays.com\/ee\/wp-json\/wp\/v2\/users\/2"}],"replies":[{"embeddable":true,"href":"https:\/\/www.europesays.com\/ee\/wp-json\/wp\/v2\/comments?post=258566"}],"version-history":[{"count":0,"href":"https:\/\/www.europesays.com\/ee\/wp-json\/wp\/v2\/posts\/258566\/revisions"}],"wp:featuredmedia":[{"embeddable":true,"href":"https:\/\/www.europesays.com\/ee\/wp-json\/wp\/v2\/media\/258567"}],"wp:attachment":[{"href":"https:\/\/www.europesays.com\/ee\/wp-json\/wp\/v2\/media?parent=258566"}],"wp:term":[{"taxonomy":"category","embeddable":true,"href":"https:\/\/www.europesays.com\/ee\/wp-json\/wp\/v2\/categories?post=258566"},{"taxonomy":"post_tag","embeddable":true,"href":"https:\/\/www.europesays.com\/ee\/wp-json\/wp\/v2\/tags?post=258566"}],"curies":[{"name":"wp","href":"https:\/\/api.w.org\/{rel}","templated":true}]}}