{"id":258568,"date":"2026-08-23T07:31:17","date_gmt":"2026-08-23T07:31:17","guid":{"rendered":"https:\/\/www.europesays.com\/ee\/258568\/"},"modified":"2026-08-23T07:31:17","modified_gmt":"2026-08-23T07:31:17","slug":"48-h-vilniuses-vilnius-on-palju-rohkemat-kui-kaunis-vanalinn-ning-ullatab-igal-sammul-kuhu-minna-ja-mida-teha","status":"publish","type":"post","link":"https:\/\/www.europesays.com\/ee\/258568\/","title":{"rendered":"48 h Vilniuses | Vilnius on palju rohkemat kui kaunis vanalinn ning \u00fcllatab igal sammul \u2013 kuhu minna ja mida teha?"},"content":{"rendered":"<p>Olen nende \u00f5nnelike seas, kel \u00f5nnestub hankida rongipilet Tallinnast <a rel=\"noopener nofollow\" target=\"_blank\" href=\"https:\/\/www.delfi.ee\/teema\/32928809\/vilnius\" tag-id=\"32928809\">Vilniusesse<\/a>, mis on ilmselt selle suve k\u00f5ige defitsiitsem kaup. Erinevalt Tallinna ja Riia vanalinnast, mis n\u00e4ivad sageli kuuluvat peaaegu \u00fcksnes turistidele, t\u00f5mbab <a rel=\"noopener nofollow\" target=\"_blank\" href=\"https:\/\/www.delfi.ee\/teema\/28034759\/leedu\" tag-id=\"28034759\">Leedu<\/a> pealinna barokne keskus oma k\u00e4\u00e4nulistele t\u00e4navatele v\u00e4hemalt sama palju kohalikke elanikke.<\/p>\n<p>K\u00fcmne tunni pikkune rongireis Tallinnast Vilniusesse muudab keha kangeks, ent meeled v\u00e4hemalt hetkeks erksaks ja uudishimulikuks. Mist\u00f5ttu ma isegi ei m\u00f5tle, kas raudteejaamast vanalinna k\u00f5ndida v\u00f5i minna bussiga \u2013 suve\u00f5htu on soe ja valge, t\u00e4navad inimesi t\u00e4is. Juba esimestel sammudel kostab kuskilt saksofoni nuttev toon \u2013 t\u00e4navamuusik, keda ma ei j\u00f5ua otsida, sest jalad ei tee mu uudishimuga koost\u00f6\u00f6d ja tahavad tegelikult ikkagi otse hotellini sammuda, mitte esimesele avastamisretkele suunduda. <\/p>\n","protected":false},"excerpt":{"rendered":"Olen nende \u00f5nnelike seas, kel \u00f5nnestub hankida rongipilet Tallinnast Vilniusesse, mis on ilmselt selle suve k\u00f5ige defitsiitsem kaup.&hellip;\n","protected":false},"author":2,"featured_media":258569,"comment_status":"","ping_status":"","sticky":false,"template":"","format":"standard","meta":{"footnotes":"","_share_on_mastodon":"0"},"categories":[12],"tags":[26,27,37,33,35,34,36,31,32,21,28,29,115,19,25,100676,23,24,22,20,30,7911],"class_list":["post-258568","post","type-post","status-publish","format-standard","has-post-thumbnail","category-eesti","tag-breaking-news","tag-breakingnews","tag-ee","tag-eesti","tag-eesti-keel","tag-estonia","tag-estonian","tag-featured-news","tag-featurednews","tag-headlines","tag-latest-news","tag-latestnews","tag-leedu","tag-news","tag-populaarseimad-lood","tag-rongireis","tag-top-stories","tag-topstories","tag-uldised-uudised","tag-uudised","tag-viimased-uudised","tag-vilnius"],"share_on_mastodon":{"url":"https:\/\/pubeurope.com\/@ee\/117143659156401616","error":""},"_links":{"self":[{"href":"https:\/\/www.europesays.com\/ee\/wp-json\/wp\/v2\/posts\/258568","targetHints":{"allow":["GET"]}}],"collection":[{"href":"https:\/\/www.europesays.com\/ee\/wp-json\/wp\/v2\/posts"}],"about":[{"href":"https:\/\/www.europesays.com\/ee\/wp-json\/wp\/v2\/types\/post"}],"author":[{"embeddable":true,"href":"https:\/\/www.europesays.com\/ee\/wp-json\/wp\/v2\/users\/2"}],"replies":[{"embeddable":true,"href":"https:\/\/www.europesays.com\/ee\/wp-json\/wp\/v2\/comments?post=258568"}],"version-history":[{"count":0,"href":"https:\/\/www.europesays.com\/ee\/wp-json\/wp\/v2\/posts\/258568\/revisions"}],"wp:featuredmedia":[{"embeddable":true,"href":"https:\/\/www.europesays.com\/ee\/wp-json\/wp\/v2\/media\/258569"}],"wp:attachment":[{"href":"https:\/\/www.europesays.com\/ee\/wp-json\/wp\/v2\/media?parent=258568"}],"wp:term":[{"taxonomy":"category","embeddable":true,"href":"https:\/\/www.europesays.com\/ee\/wp-json\/wp\/v2\/categories?post=258568"},{"taxonomy":"post_tag","embeddable":true,"href":"https:\/\/www.europesays.com\/ee\/wp-json\/wp\/v2\/tags?post=258568"}],"curies":[{"name":"wp","href":"https:\/\/api.w.org\/{rel}","templated":true}]}}