{"id":258594,"date":"2026-08-23T08:13:13","date_gmt":"2026-08-23T08:13:13","guid":{"rendered":"https:\/\/www.europesays.com\/ee\/258594\/"},"modified":"2026-08-23T08:13:13","modified_gmt":"2026-08-23T08:13:13","slug":"foto-nublu-meenutab-varalahkunud-gameboy-tetrist-uhise-helge-hetkega-roosiaiast","status":"publish","type":"post","link":"https:\/\/www.europesays.com\/ee\/258594\/","title":{"rendered":"FOTO | nublu meenutab varalahkunud Gameboy Tetrist \u00fchise helge hetkega roosiaiast"},"content":{"rendered":"<p>R\u00e4ppar jagas toonast fotoj\u00e4\u00e4dvustust oma Instagrami lugude all. Saateks kuulsa vene rokkb\u00e4ndi Mumiy Trolli laul.<\/p>\n<p><img decoding=\"async\" src=\"https:\/\/www.europesays.com\/ee\/wp-content\/uploads\/2026\/08\/2cdf6290-a5be-48e5-be7b-ae3cdfdf9dc7.jpg\" loading=\"lazy\"\/><\/p>\n<p>Mehed olid kauaaegsed s\u00f5brad ja kolleegid. Tol samal perioodil, t\u00e4psemalt 31. detsembril 2021 toimus Kultuurikatlas suur kontsertpidu, kus astusidki \u00fcles nii nublu kui ka Gameboy Tetris. Juba varasemalt olid nad andnus koos v\u00e4lja lood \u201ef\u00fcr Oksana,\u201c \u201eparaadna,\u201c \u201cBiology\u201d ja \u201cTamburiin\u201c.<\/p>\n<p>\u201eMeil toimub lava peal omavahel v\u00e4ikestviisi maagia. Ajaga on koos esinemine aina vabamaks l\u00e4inud ning v\u00e4ikeste lava pingemomentide asemel tulevad omavahelised naljad ja vestlused, mis ka \u00f5nneks rahvale korda l\u00e4hevad. V\u00f5i v\u00e4hemalt tundub, et l\u00e4hevad. Loodan, et nii ongi!\u201c m\u00e4rkis siis Pavel.<\/p>\n<p>Viimastel aastatel oli Pavelit avalikkuse ees aga \u00fcpris v\u00e4he n\u00e4ha. T\u00e4navu selgus aga, et r\u00e4ppar l\u00f6\u00f6b kaasa tuleval aastal linastuvas filmis \u201eTeie teenistuses\u201c. Veel veebruaris n\u00e4is, et artistil, kes oli vaimse tervisega korduvalt kimpus olnud, l\u00e4heb elu \u00fclesm\u00e4ge. \u201eTegelen palju endaga ja edukalt. Hetkel avastan maailma ja reisin palju,\u201c r\u00e4\u00e4kis ta.<\/p>\n<p>Kahjuks suri ta aga 24. m\u00e4rtsil. Ta saadeti viimasele teele 1. aprillil P\u00e4rnam\u00e4e kalmistul. L\u00e4hedaste seas oli kohal ka nublu. Viimane on tunnistanud, et neil j\u00e4i palju \u00fctlemata, tegemata ja jagamata. <\/p>\n<p>nublu s\u00f5nul oli Paveli n\u00e4ol tegemist tema esimese kolleegi ja s\u00f5braga muusikamaailmas. \u201ePea 8 aastat tagasi, \u00fchel varahommikul V\u00f5su m\u00e4ndide all lesides, klikkis meil kohe. See on ka loogiline, sest ma ei teagi eriti kedagi, kellele sa toredat esmamuljet poleks j\u00e4tnud. Sinu s\u00f5bralikku iseloomu ja heatahtlikkust m\u00e4rkasid paljud,\u201c kirjutas nublu sotsiaalmeediasse tehtud postituses.<\/p>\n<p>Kuigi mehi viis kokku muusika ja artistielu, siis tegelikult oli see nende s\u00f5pruses lihtsalt \u00fcks lisakiht. \u201eKoos saime olla need, kes me oleme. Ilma suure k\u00e4ra, tiitlite, p\u00e4ikeseprillide ja alter egodeta. Mina olin Pulk ja sina olid Paff,\u201c meenutas ta.<\/p>\n<p><a href=\"http:\/\/kroonika.delfi.ee\/artikkel\/120493011\/nublu-sudantlohestav-jarelhuue-ma-juba-tean-et-tagasi-ma-seda-ei-saa-utles-pavel-viimane-kord-me-molemad-naersime#dalrel-in-article\" class=\"content-embedded-articles-single__embedded-article\" data-v-6f4d311d=\"\" rel=\"nofollow noopener\" target=\"_blank\"><\/p>\n<p>26.03.2026<\/p>\n<p>Nublu s\u00fcdantl\u00f5hestav j\u00e4releh\u00fc\u00fce: \u201eMa juba tean, et tagasi ma seda ei saa!\u201c \u00fctles Pavel viimane kord. Me m\u00f5lemad naersime<\/p>\n<p><\/a>Kuidas see lugu Sind end tundma pani?Saada<a href=\"https:\/\/kroonika.delfi.ee\/artikkel\/120605461\/foto-nublu-meenutab-varalahkunud-gameboy-tetrist-uhise-helge-hetkega-roosiaiast\/kommentaarid\" class=\"button button--primary button--size-auto article-body-bottom__comment article-body-bottom__comment--write\" style=\"\" rel=\"nofollow noopener\" target=\"_blank\">Kommenteeri<\/a><a href=\"https:\/\/kroonika.delfi.ee\/artikkel\/120605461\/foto-nublu-meenutab-varalahkunud-gameboy-tetrist-uhise-helge-hetkega-roosiaiast\/kommentaarid\" class=\"button button--size-auto article-body-bottom__comment article-body-bottom__comment--read\" style=\"\" rel=\"nofollow noopener\" target=\"_blank\">Loe kommentaare <\/a><\/p>\n","protected":false},"excerpt":{"rendered":"R\u00e4ppar jagas toonast fotoj\u00e4\u00e4dvustust oma Instagrami lugude all. Saateks kuulsa vene rokkb\u00e4ndi Mumiy Trolli laul. Mehed olid kauaaegsed&hellip;\n","protected":false},"author":2,"featured_media":258595,"comment_status":"","ping_status":"","sticky":false,"template":"","format":"standard","meta":{"footnotes":"","_share_on_mastodon":"0"},"categories":[14],"tags":[131,130,37,33,35,34,36,12199,3148],"class_list":["post-258594","post","type-post","status-publish","format-standard","has-post-thumbnail","category-ari","tag-ari","tag-business","tag-ee","tag-eesti","tag-eesti-keel","tag-estonia","tag-estonian","tag-gameboy-tetris","tag-nublu"],"share_on_mastodon":{"url":"https:\/\/pubeurope.com\/@ee\/117143824614243566","error":""},"_links":{"self":[{"href":"https:\/\/www.europesays.com\/ee\/wp-json\/wp\/v2\/posts\/258594","targetHints":{"allow":["GET"]}}],"collection":[{"href":"https:\/\/www.europesays.com\/ee\/wp-json\/wp\/v2\/posts"}],"about":[{"href":"https:\/\/www.europesays.com\/ee\/wp-json\/wp\/v2\/types\/post"}],"author":[{"embeddable":true,"href":"https:\/\/www.europesays.com\/ee\/wp-json\/wp\/v2\/users\/2"}],"replies":[{"embeddable":true,"href":"https:\/\/www.europesays.com\/ee\/wp-json\/wp\/v2\/comments?post=258594"}],"version-history":[{"count":0,"href":"https:\/\/www.europesays.com\/ee\/wp-json\/wp\/v2\/posts\/258594\/revisions"}],"wp:featuredmedia":[{"embeddable":true,"href":"https:\/\/www.europesays.com\/ee\/wp-json\/wp\/v2\/media\/258595"}],"wp:attachment":[{"href":"https:\/\/www.europesays.com\/ee\/wp-json\/wp\/v2\/media?parent=258594"}],"wp:term":[{"taxonomy":"category","embeddable":true,"href":"https:\/\/www.europesays.com\/ee\/wp-json\/wp\/v2\/categories?post=258594"},{"taxonomy":"post_tag","embeddable":true,"href":"https:\/\/www.europesays.com\/ee\/wp-json\/wp\/v2\/tags?post=258594"}],"curies":[{"name":"wp","href":"https:\/\/api.w.org\/{rel}","templated":true}]}}