{"id":258618,"date":"2026-08-23T09:10:10","date_gmt":"2026-08-23T09:10:10","guid":{"rendered":"https:\/\/www.europesays.com\/ee\/258618\/"},"modified":"2026-08-23T09:10:10","modified_gmt":"2026-08-23T09:10:10","slug":"euroopa-liidrid-meenutavad-siim-kallast-macron-ta-oli-uks-euroopa-puhendunumaid-ulesehitajaid","status":"publish","type":"post","link":"https:\/\/www.europesays.com\/ee\/258618\/","title":{"rendered":"Euroopa liidrid meenutavad Siim Kallast. Macron: ta oli \u00fcks Euroopa p\u00fchendunumaid \u00fclesehitajaid"},"content":{"rendered":"<p>Macron m\u00e4rkis, et Kallas m\u00e4ngis v\u00f5tmerolli <a rel=\"noopener nofollow\" target=\"_blank\" href=\"https:\/\/www.delfi.ee\/teema\/31122441\/eesti\" tag-id=\"31122441\">Eesti<\/a> koha kinnitamisel Euroopas, seda nii iseseisvumisj\u00e4rgse Eesti rahvusvaluuta loomisel kui Euroopa Liiduga ja seej\u00e4rel euroga \u00fchinemisel.<\/p>\n<p>\u201eTa p\u00fchendas oma j\u00f5upingutused taas\u00fchendatud Euroopa huvidele, seda nii Eesti peaministri kui hiljem Euroopa Komisjoni asepresidendina,\u201c m\u00e4rkis Macron. \u201eV\u00e4ljendan siirast kaastunnet Eesti rahvale, tema t\u00fctrele Kaja Kallasele ja kogu ta perele.\u201c<\/p>\n<p>L\u00e4ti president Edgars Rink\u0113vi\u010ds m\u00e4rkis, et Eesti ja Euroopa on kaotanud suure riigimehe. \u201eJa ka L\u00e4ti on kaotanud t\u00f5elise s\u00f5bra, Siim Kallase,\u201c \u00fctles Rink\u0113vi\u010ds, kes v\u00e4ljendas s\u00fcgavaimat kaastunnet Kaja Kallasele, lahkunu perele ja s\u00f5pradele ja kogu Eesti rahvale.<\/p>\n<p>Kuidas see lugu Sind end tundma pani?Saada<\/p>\n","protected":false},"excerpt":{"rendered":"Macron m\u00e4rkis, et Kallas m\u00e4ngis v\u00f5tmerolli Eesti koha kinnitamisel Euroopas, seda nii iseseisvumisj\u00e4rgse Eesti rahvusvaluuta loomisel kui Euroopa&hellip;\n","protected":false},"author":2,"featured_media":258619,"comment_status":"","ping_status":"","sticky":false,"template":"","format":"standard","meta":{"footnotes":"","_share_on_mastodon":"0"},"categories":[12],"tags":[26,27,37,33,35,2194,34,36,31,32,21,28,29,19,25,52,1635,23,24,22,20,30],"class_list":["post-258618","post","type-post","status-publish","format-standard","has-post-thumbnail","category-eesti","tag-breaking-news","tag-breakingnews","tag-ee","tag-eesti","tag-eesti-keel","tag-emmanuel-macron","tag-estonia","tag-estonian","tag-featured-news","tag-featurednews","tag-headlines","tag-latest-news","tag-latestnews","tag-news","tag-populaarseimad-lood","tag-prantsusmaa","tag-siim-kallas","tag-top-stories","tag-topstories","tag-uldised-uudised","tag-uudised","tag-viimased-uudised"],"share_on_mastodon":{"url":"https:\/\/pubeurope.com\/@ee\/117144048350023944","error":""},"_links":{"self":[{"href":"https:\/\/www.europesays.com\/ee\/wp-json\/wp\/v2\/posts\/258618","targetHints":{"allow":["GET"]}}],"collection":[{"href":"https:\/\/www.europesays.com\/ee\/wp-json\/wp\/v2\/posts"}],"about":[{"href":"https:\/\/www.europesays.com\/ee\/wp-json\/wp\/v2\/types\/post"}],"author":[{"embeddable":true,"href":"https:\/\/www.europesays.com\/ee\/wp-json\/wp\/v2\/users\/2"}],"replies":[{"embeddable":true,"href":"https:\/\/www.europesays.com\/ee\/wp-json\/wp\/v2\/comments?post=258618"}],"version-history":[{"count":0,"href":"https:\/\/www.europesays.com\/ee\/wp-json\/wp\/v2\/posts\/258618\/revisions"}],"wp:featuredmedia":[{"embeddable":true,"href":"https:\/\/www.europesays.com\/ee\/wp-json\/wp\/v2\/media\/258619"}],"wp:attachment":[{"href":"https:\/\/www.europesays.com\/ee\/wp-json\/wp\/v2\/media?parent=258618"}],"wp:term":[{"taxonomy":"category","embeddable":true,"href":"https:\/\/www.europesays.com\/ee\/wp-json\/wp\/v2\/categories?post=258618"},{"taxonomy":"post_tag","embeddable":true,"href":"https:\/\/www.europesays.com\/ee\/wp-json\/wp\/v2\/tags?post=258618"}],"curies":[{"name":"wp","href":"https:\/\/api.w.org\/{rel}","templated":true}]}}