{"id":258622,"date":"2026-08-23T09:21:08","date_gmt":"2026-08-23T09:21:08","guid":{"rendered":"https:\/\/www.europesays.com\/ee\/258622\/"},"modified":"2026-08-23T09:21:08","modified_gmt":"2026-08-23T09:21:08","slug":"ak-kirjanduskool-%e2%9f%a9-eesti-kirjaniku-nagemus-30ndate-marokost","status":"publish","type":"post","link":"https:\/\/www.europesays.com\/ee\/258622\/","title":{"rendered":"AK KIRJANDUSKOOL \u27e9 Eesti kirjaniku n\u00e4gemus 30ndate Marokost"},"content":{"rendered":"<p>1933. aasta l\u00f5pus otsustas kirjanik ja poliitik Karl Ast-Rumor lahkuda m\u00f5neks ajaks Eestist. P\u00f5hjusi oli mitu. Teatud m\u00f5ttes oli see sotside \u00fche liidri vabatahtlik poliitiline pagu. \u00dcks v\u00f5imalus oli asuda Puhkide perefirma esindajana Marokosse ja p\u00fc\u00fcda seal \u00e4ri ajada. Ega Eesti v\u00f5i ja muude kaupade m\u00fc\u00fcmine Marrakechi turul eriti edukaks ei osutunud, kuid paariaastane asumine Marokos rikastas meie reisikirjandust raamatuga \u00abAllah ja tema rahvas\u00bb (1936), kirjutab kirjandusteadlane Janika Kronberg.<\/p>\n","protected":false},"excerpt":{"rendered":"1933. aasta l\u00f5pus otsustas kirjanik ja poliitik Karl Ast-Rumor lahkuda m\u00f5neks ajaks Eestist. P\u00f5hjusi oli mitu. Teatud m\u00f5ttes&hellip;\n","protected":false},"author":2,"featured_media":258623,"comment_status":"","ping_status":"","sticky":false,"template":"","format":"standard","meta":{"footnotes":"","_share_on_mastodon":"0"},"categories":[12],"tags":[100692,100689,100694,26,27,100695,24149,37,33,35,100688,34,36,31,32,21,6970,52959,28,29,11852,100690,19,25,100693,100691,23,24,22,20,30],"class_list":["post-258622","post","type-post","status-publish","format-standard","has-post-thumbnail","category-eesti","tag-alfred-suik","tag-allah-ja-tema-rahvas","tag-atlast","tag-breaking-news","tag-breakingnews","tag-casablanca","tag-eduard-wiiralt","tag-ee","tag-eesti","tag-eesti-keel","tag-eesti-kirjaniku-nagemus-30ndate-marokost","tag-estonia","tag-estonian","tag-featured-news","tag-featurednews","tag-headlines","tag-janika-kronberg","tag-karl-ast-rumor","tag-latest-news","tag-latestnews","tag-maroko","tag-marrakech","tag-news","tag-populaarseimad-lood","tag-prantsuse-voorleegion","tag-rudolf-peets","tag-top-stories","tag-topstories","tag-uldised-uudised","tag-uudised","tag-viimased-uudised"],"share_on_mastodon":{"url":"https:\/\/pubeurope.com\/@ee\/117144091484220390","error":""},"_links":{"self":[{"href":"https:\/\/www.europesays.com\/ee\/wp-json\/wp\/v2\/posts\/258622","targetHints":{"allow":["GET"]}}],"collection":[{"href":"https:\/\/www.europesays.com\/ee\/wp-json\/wp\/v2\/posts"}],"about":[{"href":"https:\/\/www.europesays.com\/ee\/wp-json\/wp\/v2\/types\/post"}],"author":[{"embeddable":true,"href":"https:\/\/www.europesays.com\/ee\/wp-json\/wp\/v2\/users\/2"}],"replies":[{"embeddable":true,"href":"https:\/\/www.europesays.com\/ee\/wp-json\/wp\/v2\/comments?post=258622"}],"version-history":[{"count":0,"href":"https:\/\/www.europesays.com\/ee\/wp-json\/wp\/v2\/posts\/258622\/revisions"}],"wp:featuredmedia":[{"embeddable":true,"href":"https:\/\/www.europesays.com\/ee\/wp-json\/wp\/v2\/media\/258623"}],"wp:attachment":[{"href":"https:\/\/www.europesays.com\/ee\/wp-json\/wp\/v2\/media?parent=258622"}],"wp:term":[{"taxonomy":"category","embeddable":true,"href":"https:\/\/www.europesays.com\/ee\/wp-json\/wp\/v2\/categories?post=258622"},{"taxonomy":"post_tag","embeddable":true,"href":"https:\/\/www.europesays.com\/ee\/wp-json\/wp\/v2\/tags?post=258622"}],"curies":[{"name":"wp","href":"https:\/\/api.w.org\/{rel}","templated":true}]}}