{"id":258640,"date":"2026-08-23T09:51:10","date_gmt":"2026-08-23T09:51:10","guid":{"rendered":"https:\/\/www.europesays.com\/ee\/258640\/"},"modified":"2026-08-23T09:51:10","modified_gmt":"2026-08-23T09:51:10","slug":"zalgirise-taht-ei-saanud-nba-sse-minna-lebron-otsustas-liiga-kaua-korvpall","status":"publish","type":"post","link":"https:\/\/www.europesays.com\/ee\/258640\/","title":{"rendered":"\u017dalgirise t\u00e4ht ei saanud NBA-sse minna: LeBron otsustas liiga kaua | Korvpall"},"content":{"rendered":"<p>Mullu korvpalli Euroliigas s\u00e4ranud Kaunase \u017dalgirise tagam\u00e4ngija Sylvain Francisco \u00fctles, et kui LeBron James oleks oma tiimi valinud n\u00e4dal varem, oleks Francisco p\u00e4\u00e4senud NBA-sse.<\/p>\n<p>28-aastane Francisco tegi mullu Euroliigas suurep\u00e4rase hooaja, kogudes \u017dalgirise eest p\u00f5hiturniiril 42 m\u00e4nguga keskmiselt 16,5 punkti, 6,5 korvis\u00f6\u00f6tu, 2,9 lauapalli ja \u00fche vaheltl\u00f5ike. Hooaja l\u00f5pus, k\u00f5ige v\u00e4\u00e4rtuslikuma m\u00e4ngija valimisel j\u00e4i ta Sasha Vezenkovi j\u00e4rel teiseks.<\/p>\n<p>Sel suvel l\u00f5i ta k\u00e4ed Villeurbanne&#8217;i ASVEL-iga, kuid Prantsusmaa klubi pidi oma eelarvet suuresti koomale t\u00f5mbama, misj\u00e4rel \u00f5nnestus Panathinaikosel tagam\u00e4ngija koosseisu tuua.<\/p>\n<p>Prantslane r\u00e4\u00e4kis L&#8217;Equipe&#8217;ile, et oli l\u00e4hedal ka NBA lepingule. &#8220;Viis-kuus NBA tiimi v\u00f5ttis minuga \u00fchendust, m\u00f5ni neist pakkus mulle ka garanteeritud kaheaastast lepingut. Mul oli v\u00f5imalus liituda Chicago Bullsiga, aga nad pidid selleks tegema vahetustehingu ja k\u00f5ik ootasid <a href=\"https:\/\/sport.err.ee\/1610085967\/karjaari-lopetamist-kaalunud-lebron-james-solmis-lepingu-philadelphiaga\" target=\"_blank\" rel=\"noopener nofollow\">LeBroni otsust<\/a>,&#8221; \u00fctles tagam\u00e4ngija.<\/p>\n<p>&#8220;T\u00e4htaeg ASVEL-i lepingus oli 20. juuli, LeBron s\u00f5lmis oma lepingu neli p\u00e4eva hiljem.&#8221;<\/p>\n<p>&#8220;Siis hakkasid meeskonnad oma m\u00e4ngijaid liigutama, vangerdusi tegema. Kahju, ma olin p\u00e4ris pahane. Aga sa ei saa sellist olukorda kontrollida. L\u00f5ppude l\u00f5puks v\u00f5is see just \u00f5nnistus olla, et Euroopasse j\u00e4\u00e4n,&#8221; lisas Francisco.<\/p>\n<p>Mullu Euroliiga play-off&#8217;i avaringis Valenciale alla j\u00e4\u00e4nud Panathinaikos alustab t\u00e4navust hooaega 24. septembril.<\/p>\n","protected":false},"excerpt":{"rendered":"Mullu korvpalli Euroliigas s\u00e4ranud Kaunase \u017dalgirise tagam\u00e4ngija Sylvain Francisco \u00fctles, et kui LeBron James oleks oma tiimi valinud&hellip;\n","protected":false},"author":2,"featured_media":258641,"comment_status":"","ping_status":"","sticky":false,"template":"","format":"standard","meta":{"footnotes":"","_share_on_mastodon":"0"},"categories":[18],"tags":[37,33,35,34,36,7833,4391,159,158,21266],"class_list":["post-258640","post","type-post","status-publish","format-standard","has-post-thumbnail","category-sport","tag-ee","tag-eesti","tag-eesti-keel","tag-estonia","tag-estonian","tag-lebron-james","tag-nba","tag-sport","tag-sports","tag-sylvain-francisco"],"share_on_mastodon":{"url":"https:\/\/pubeurope.com\/@ee\/117144209584082166","error":""},"_links":{"self":[{"href":"https:\/\/www.europesays.com\/ee\/wp-json\/wp\/v2\/posts\/258640","targetHints":{"allow":["GET"]}}],"collection":[{"href":"https:\/\/www.europesays.com\/ee\/wp-json\/wp\/v2\/posts"}],"about":[{"href":"https:\/\/www.europesays.com\/ee\/wp-json\/wp\/v2\/types\/post"}],"author":[{"embeddable":true,"href":"https:\/\/www.europesays.com\/ee\/wp-json\/wp\/v2\/users\/2"}],"replies":[{"embeddable":true,"href":"https:\/\/www.europesays.com\/ee\/wp-json\/wp\/v2\/comments?post=258640"}],"version-history":[{"count":0,"href":"https:\/\/www.europesays.com\/ee\/wp-json\/wp\/v2\/posts\/258640\/revisions"}],"wp:featuredmedia":[{"embeddable":true,"href":"https:\/\/www.europesays.com\/ee\/wp-json\/wp\/v2\/media\/258641"}],"wp:attachment":[{"href":"https:\/\/www.europesays.com\/ee\/wp-json\/wp\/v2\/media?parent=258640"}],"wp:term":[{"taxonomy":"category","embeddable":true,"href":"https:\/\/www.europesays.com\/ee\/wp-json\/wp\/v2\/categories?post=258640"},{"taxonomy":"post_tag","embeddable":true,"href":"https:\/\/www.europesays.com\/ee\/wp-json\/wp\/v2\/tags?post=258640"}],"curies":[{"name":"wp","href":"https:\/\/api.w.org\/{rel}","templated":true}]}}