{"id":258666,"date":"2026-08-23T10:24:12","date_gmt":"2026-08-23T10:24:12","guid":{"rendered":"https:\/\/www.europesays.com\/ee\/258666\/"},"modified":"2026-08-23T10:24:12","modified_gmt":"2026-08-23T10:24:12","slug":"video-%e2%9f%a9-saksamaa-jalgpallimangul-puhkes-kaos-valjakule-tormas-sadakond-politseinikku","status":"publish","type":"post","link":"https:\/\/www.europesays.com\/ee\/258666\/","title":{"rendered":"VIDEO \u27e9 Saksamaa jalgpallim\u00e4ngul puhkes kaos, v\u00e4ljakule tormas sadakond politseinikku"},"content":{"rendered":"<p>Reede \u00f5htul Mannheimis peetud kohtumist tuntakse S\u00fcdwestderby ehk Edela-Saksamaa derbi nime all. Tuline vastasseis oli normaalaja l\u00f5pu eel viigis, kui kodumeeskonna f\u00e4nnitrib\u00fc\u00fcni l\u00e4histel puhkes m\u00e4ngijate vahel r\u00fcselus.<\/p>\n<blockquote class=\"twitter-tweet\">\n<p lang=\"de\" dir=\"ltr\">\ud83c\udde9\ud83c\uddea | The S\u00fcdwestderby erupts into chaos as SV Waldhof Mannheim fans storm the pitch<\/p>\n<p>Huge police presence on the pitch which led to the match being paused\u2026\ud83d\ude33\ud83d\udea8 <a href=\"https:\/\/t.co\/4SdjsirfQ2\" rel=\"nofollow\">pic.twitter.com\/4SdjsirfQ2<\/a><\/p>\n<p>\u2014 ULTRA ATTACKIVE (@UltraAttackive) <a href=\"https:\/\/x.com\/UltraAttackive\/status\/2090868116133716071?ref_src=twsrc%5Etfw\" rel=\"nofollow\">August 21, 2026<\/a><\/p><\/blockquote>\n<p>S\u00fcndmuste keskmesse sattus Kaiserslauterni kapten Marlon Ritter, kes l\u00e4ks vastamisi mitme Mannheimi m\u00e4ngijaga. Trib\u00fc\u00fcnilt hakati tema poole loopima \u00f5lletopse ja vihmavarje. Peagi lendasid v\u00e4ljakule ka p\u00f5levad p\u00fcrotehnilised vahendid.<\/p>\n<p>Kohtunik Robert Schr\u00f6der saatis m\u00f5lema meeskonna m\u00e4ngijad olukorra rahunemiseni riietusruumidesse ning kohtumine peatati. Korrarikkumiste ohjeldamiseks sisenes v\u00e4ljakule sadakond politseinikku, appi toodi ka ratsapolitsei.<\/p>\n<p>P\u00e4rast pausi \u00f5nnestus m\u00e4nguga j\u00e4tkata. V\u00f5itja selgus alles lisaaja viimasel minutil, kui Ibrahim Kanat\u00e9 l\u00f5i Kaiserslauterni v\u00f5iduv\u00e4rava.<\/p>\n<p><script async src=\"https:\/\/platform.twitter.com\/widgets.js\" charset=\"utf-8\"><\/script><\/p>\n","protected":false},"excerpt":{"rendered":"Reede \u00f5htul Mannheimis peetud kohtumist tuntakse S\u00fcdwestderby ehk Edela-Saksamaa derbi nime all. Tuline vastasseis oli normaalaja l\u00f5pu eel&hellip;\n","protected":false},"author":2,"featured_media":258667,"comment_status":"","ping_status":"","sticky":false,"template":"","format":"standard","meta":{"footnotes":"","_share_on_mastodon":"0"},"categories":[18],"tags":[100703,37,33,35,34,36,100707,95661,100706,100704,100705,100708,48252,75337,159,158,100701,100702],"class_list":["post-258666","post","type-post","status-publish","format-standard","has-post-thumbnail","category-sport","tag-1-fc-kaiserslautern","tag-ee","tag-eesti","tag-eesti-keel","tag-estonia","tag-estonian","tag-ibrahim-kanate","tag-jalgpallihuliganism","tag-jalgpallipolitsei","tag-marlon-ritter","tag-ratsapolitsei","tag-robert-schroder","tag-saksamaa-jalgpalli-karikavoistlused","tag-spordivagivald","tag-sport","tag-sports","tag-sudwestderby","tag-sv-waldhof-mannheim"],"share_on_mastodon":{"url":"https:\/\/pubeurope.com\/@ee\/117144339288018343","error":""},"_links":{"self":[{"href":"https:\/\/www.europesays.com\/ee\/wp-json\/wp\/v2\/posts\/258666","targetHints":{"allow":["GET"]}}],"collection":[{"href":"https:\/\/www.europesays.com\/ee\/wp-json\/wp\/v2\/posts"}],"about":[{"href":"https:\/\/www.europesays.com\/ee\/wp-json\/wp\/v2\/types\/post"}],"author":[{"embeddable":true,"href":"https:\/\/www.europesays.com\/ee\/wp-json\/wp\/v2\/users\/2"}],"replies":[{"embeddable":true,"href":"https:\/\/www.europesays.com\/ee\/wp-json\/wp\/v2\/comments?post=258666"}],"version-history":[{"count":0,"href":"https:\/\/www.europesays.com\/ee\/wp-json\/wp\/v2\/posts\/258666\/revisions"}],"wp:featuredmedia":[{"embeddable":true,"href":"https:\/\/www.europesays.com\/ee\/wp-json\/wp\/v2\/media\/258667"}],"wp:attachment":[{"href":"https:\/\/www.europesays.com\/ee\/wp-json\/wp\/v2\/media?parent=258666"}],"wp:term":[{"taxonomy":"category","embeddable":true,"href":"https:\/\/www.europesays.com\/ee\/wp-json\/wp\/v2\/categories?post=258666"},{"taxonomy":"post_tag","embeddable":true,"href":"https:\/\/www.europesays.com\/ee\/wp-json\/wp\/v2\/tags?post=258666"}],"curies":[{"name":"wp","href":"https:\/\/api.w.org\/{rel}","templated":true}]}}