{"id":258692,"date":"2026-08-23T10:57:07","date_gmt":"2026-08-23T10:57:07","guid":{"rendered":"https:\/\/www.europesays.com\/ee\/258692\/"},"modified":"2026-08-23T10:57:07","modified_gmt":"2026-08-23T10:57:07","slug":"pohjamaade-jalgpalliliidud-uhinesid-infantino-vastase-rindega-jalgpall","status":"publish","type":"post","link":"https:\/\/www.europesays.com\/ee\/258692\/","title":{"rendered":"P\u00f5hjamaade jalgpalliliidud \u00fchinesid Infantino vastase rindega | Jalgpall"},"content":{"rendered":"<p>Kuus P\u00f5hjamaade jalgpalliliitu v\u00e4ljendasid \u00fchisavalduses, et on kaotanud usalduse rahvusvahelise jalgpalliliidu (FIFA) presidendi Gianni Infantino vastu.<\/p>\n<p>P\u00fchap\u00e4eval ilmus Soome, Rootsi, Taani, Norra, Islandi ja F\u00e4\u00e4ri saarte jalgpalliliitude kodulehele avaldus, milles kirjutati, jalgpalliliidud ei usalda enam Infantinot ning on mures FIFA otsustusv\u00f5imes.<\/p>\n<p>&#8220;Me eeldame, et FIFA pakub Euroopa jalgpalliliidu alaliitudele kindluse, et FIFA ei ava oma juhtimist ega v\u00f5istlusi erainvesteeringutele,&#8221; kirjutasid P\u00f5hjamaade liidud. &#8220;Toetame samuti AFC, CONCACAF-i ja UEFA ettepanekut korraldada FIFA plaanile erapooletu uurimine. Samuti kutsume FIFA-t \u00fcles algatama s\u00f5ltumatut \u00fclevaadet juhtimise s\u00f5ltumatuse, iseseisvuse, tasakaalu ja l\u00e4bipaistvuse osas, mida 2016. aastal reformiprogrammiga lubati.&#8221;<\/p>\n<p>Infantino kuulutas p\u00e4rast MM-i v\u00e4lja FIFA Forward Enterprise nimelise programmi, millega taheti kaasata MM-finaalturniirile miljardites erainvesteeringuid. Tema kavatsus langes aga tohutu kriitika alla ning osa FIFA liikmeid on juba teatanud, et ei pooldaks Infantino tagasivalimist j\u00e4rgmise aasta alguses toimuvatel presidendivalimistel.<\/p>\n<p>Lisaks on Euroopa (UEFA) ja P\u00f5hja- ja Kesk-Ameerika (CONCACAF) jalgpalliliidud arutanud koost\u00f6\u00f6 suurendamist ning Rahvuste liiga laiendamist ka Euroopa-v\u00e4listele koondistele.<\/p>\n","protected":false},"excerpt":{"rendered":"Kuus P\u00f5hjamaade jalgpalliliitu v\u00e4ljendasid \u00fchisavalduses, et on kaotanud usalduse rahvusvahelise jalgpalliliidu (FIFA) presidendi Gianni Infantino vastu. P\u00fchap\u00e4eval ilmus&hellip;\n","protected":false},"author":2,"featured_media":258693,"comment_status":"","ping_status":"","sticky":false,"template":"","format":"standard","meta":{"footnotes":"","_share_on_mastodon":"0"},"categories":[18],"tags":[37,33,35,34,36,3223,3224,159,158],"class_list":["post-258692","post","type-post","status-publish","format-standard","has-post-thumbnail","category-sport","tag-ee","tag-eesti","tag-eesti-keel","tag-estonia","tag-estonian","tag-fifa","tag-gianni-infantino","tag-sport","tag-sports"],"share_on_mastodon":{"url":"https:\/\/pubeurope.com\/@ee\/117144469147968967","error":""},"_links":{"self":[{"href":"https:\/\/www.europesays.com\/ee\/wp-json\/wp\/v2\/posts\/258692","targetHints":{"allow":["GET"]}}],"collection":[{"href":"https:\/\/www.europesays.com\/ee\/wp-json\/wp\/v2\/posts"}],"about":[{"href":"https:\/\/www.europesays.com\/ee\/wp-json\/wp\/v2\/types\/post"}],"author":[{"embeddable":true,"href":"https:\/\/www.europesays.com\/ee\/wp-json\/wp\/v2\/users\/2"}],"replies":[{"embeddable":true,"href":"https:\/\/www.europesays.com\/ee\/wp-json\/wp\/v2\/comments?post=258692"}],"version-history":[{"count":0,"href":"https:\/\/www.europesays.com\/ee\/wp-json\/wp\/v2\/posts\/258692\/revisions"}],"wp:featuredmedia":[{"embeddable":true,"href":"https:\/\/www.europesays.com\/ee\/wp-json\/wp\/v2\/media\/258693"}],"wp:attachment":[{"href":"https:\/\/www.europesays.com\/ee\/wp-json\/wp\/v2\/media?parent=258692"}],"wp:term":[{"taxonomy":"category","embeddable":true,"href":"https:\/\/www.europesays.com\/ee\/wp-json\/wp\/v2\/categories?post=258692"},{"taxonomy":"post_tag","embeddable":true,"href":"https:\/\/www.europesays.com\/ee\/wp-json\/wp\/v2\/tags?post=258692"}],"curies":[{"name":"wp","href":"https:\/\/api.w.org\/{rel}","templated":true}]}}