{"id":258702,"date":"2026-08-23T11:10:12","date_gmt":"2026-08-23T11:10:12","guid":{"rendered":"https:\/\/www.europesays.com\/ee\/258702\/"},"modified":"2026-08-23T11:10:12","modified_gmt":"2026-08-23T11:10:12","slug":"kolas-ju-nii-nagu-oleks-see-naine-viga-saanud-me-ju-ometi-peame-informeerima-politseid","status":"publish","type":"post","link":"https:\/\/www.europesays.com\/ee\/258702\/","title":{"rendered":"\u00abK\u00f5las ju nii, nagu oleks see naine viga saanud. Me ju ometi peame informeerima politseid&#8230;\u00bb"},"content":{"rendered":"<p>Carl M\u00f8rck on politseinikuameti maha pannud. Ta on lahkunud Q-osakonnast ja proovib kohaneda kirjanikueluga, kui temani j\u00f5uab murettekitav helisalvestis. Neli aastat varem langes \u00fcks vanem naine oma abikaasa m\u00f5rvakatse ohvriks, mees ise v\u00f5ttis p\u00e4rast seda endalt elu. Juhtum kuulutati lahendatuks, kuid helisalvestiselt selgub, et abielupaar ei olnud m\u00f5rvakatse p\u00e4eval \u00fcksi.<\/p>\n","protected":false},"excerpt":{"rendered":"Carl M\u00f8rck on politseinikuameti maha pannud. Ta on lahkunud Q-osakonnast ja proovib kohaneda kirjanikueluga, kui temani j\u00f5uab murettekitav&hellip;\n","protected":false},"author":2,"featured_media":258703,"comment_status":"","ping_status":"","sticky":false,"template":"","format":"standard","meta":{"footnotes":"","_share_on_mastodon":"0"},"categories":[80],"tags":[26,27,37,33,35,34,36,31,32,21,100730,11749,100733,10057,28,29,100732,95,19,25,13634,11746,100731,23,24,22,20,30,92,93,94],"class_list":["post-258702","post","type-post","status-publish","format-standard","has-post-thumbnail","category-maailm","tag-breaking-news","tag-breakingnews","tag-ee","tag-eesti","tag-eesti-keel","tag-estonia","tag-estonian","tag-featured-news","tag-featurednews","tag-headlines","tag-jussi-adler-olsen","tag-katkend","tag-krimiponevik","tag-krimiromaan","tag-latest-news","tag-latestnews","tag-line-holm","tag-maailm","tag-news","tag-populaarseimad-lood","tag-raamatukatkend","tag-romaan","tag-stine-bolther","tag-top-stories","tag-topstories","tag-uldised-uudised","tag-uudised","tag-viimased-uudised","tag-world","tag-world-news","tag-worldnews"],"share_on_mastodon":{"url":"https:\/\/pubeurope.com\/@ee\/117144520463395545","error":""},"_links":{"self":[{"href":"https:\/\/www.europesays.com\/ee\/wp-json\/wp\/v2\/posts\/258702","targetHints":{"allow":["GET"]}}],"collection":[{"href":"https:\/\/www.europesays.com\/ee\/wp-json\/wp\/v2\/posts"}],"about":[{"href":"https:\/\/www.europesays.com\/ee\/wp-json\/wp\/v2\/types\/post"}],"author":[{"embeddable":true,"href":"https:\/\/www.europesays.com\/ee\/wp-json\/wp\/v2\/users\/2"}],"replies":[{"embeddable":true,"href":"https:\/\/www.europesays.com\/ee\/wp-json\/wp\/v2\/comments?post=258702"}],"version-history":[{"count":0,"href":"https:\/\/www.europesays.com\/ee\/wp-json\/wp\/v2\/posts\/258702\/revisions"}],"wp:featuredmedia":[{"embeddable":true,"href":"https:\/\/www.europesays.com\/ee\/wp-json\/wp\/v2\/media\/258703"}],"wp:attachment":[{"href":"https:\/\/www.europesays.com\/ee\/wp-json\/wp\/v2\/media?parent=258702"}],"wp:term":[{"taxonomy":"category","embeddable":true,"href":"https:\/\/www.europesays.com\/ee\/wp-json\/wp\/v2\/categories?post=258702"},{"taxonomy":"post_tag","embeddable":true,"href":"https:\/\/www.europesays.com\/ee\/wp-json\/wp\/v2\/tags?post=258702"}],"curies":[{"name":"wp","href":"https:\/\/api.w.org\/{rel}","templated":true}]}}