{"id":258736,"date":"2026-08-23T11:59:10","date_gmt":"2026-08-23T11:59:10","guid":{"rendered":"https:\/\/www.europesays.com\/ee\/258736\/"},"modified":"2026-08-23T11:59:10","modified_gmt":"2026-08-23T11:59:10","slug":"etv2-teemaohtu-on-puhendatud-priit-parna-80-sunnipaevale-tele","status":"publish","type":"post","link":"https:\/\/www.europesays.com\/ee\/258736\/","title":{"rendered":"ETV2 teema\u00f5htu on p\u00fchendatud Priit P\u00e4rna 80. s\u00fcnnip\u00e4evale | Tele"},"content":{"rendered":"<p>ETV2 p\u00fchap\u00e4eva-\u00f5htune teema\u00f5htu on sel korral p\u00fchendatud animafilmire\u017eiss\u00f6\u00f6r Priit P\u00e4rnale, kes t\u00e4histab 26. augustil 80. s\u00fcnnip\u00e4eva.<\/p>\n<p>Kell 19.30 &#8220;Kultuuri kodu: Priit P\u00e4rn&#8221; (2025)<\/p>\n<p>Eesti Kultuurkapitali sajanda juubeli puhul koputame kultuuri kodu uksele ja vaatame, kes neist meie aega ja ruumi kujundavatest loojatest parajasti kodus juhtub olema. L\u00fchiportreede sarja re\u017eiss\u00f6\u00f6r on Erle Veber, tekste kirjutab Urmas Vadi ja loeb Marika Vaarik, arhiivis toimetab Ruth Alak\u00fcla, kaamerat juhib Manuel M\u00e4gi ning mikrofoni hoiab Mart Kessel-Otsa.<\/p>\n<p>Kell 19.35 &#8220;T\u00e4helaev: Priit P\u00e4rn&#8221; (2010)<\/p>\n<p>&#8220;T\u00e4helaeva&#8221; persooniks on \u00fcks t\u00e4nap\u00e4eva silmapaistvamaid kunstnikke &#8211; animafilmire\u017eiss\u00f6\u00f6r, karikaturist, graafik ja maailmakodanik Priit P\u00e4rn. Teda usutleb saatejuht Urmas Vaino. Re\u017eiss\u00f6\u00f6r Kalev Lepik.<\/p>\n<p>Kell 20.50 &#8220;1895&#8221; (1995)<\/p>\n<p>Animafilm &#8220;1895&#8221; on p\u00fchendatud filmikunsti 100. aastap\u00e4evale. Film vendade August ja Louis Lumiere&#8217;ide elust, mis k\u00e4sitleb \u00fcldsusele seni tundmatuid fakte ning s\u00fcndmusi kahe kuulsa venna, kes on l\u00e4inud ajalukku kui kinematograafia leiutajad, elust. Film on illusioon. Kas illusioon on t\u00f5de? See v\u00e4ide ja k\u00fcsimus olid aluseks autoritele, kui nad v\u00f5tsid endale \u00f5iguse kinnitada, et just nende versioon vendade Lumiere&#8217;ide elust ning filmikunsti s\u00fcnnist on seni teadaolevatest k\u00f5ige originaalsem ja ainulaadsem. Rohkete auhindadega p\u00e4rjatud filmi lavastasid Priit P\u00e4rn ja Janno P\u00f5ldma.<\/p>\n<p>Kell 22.00 &#8220;Frank ja Wendy&#8221; (2005)<\/p>\n<p>Kaks Ameerika salateenistuse agenti &#8211; Frank ja Wendy &#8211; saadetakse maailma ohukoldesse nimega Estonia. Estonia on jabur koht, v\u00f5ib-olla isegi veel jaburam kui agendid ise. Frank ja Wendy, kellele maailma p\u00e4\u00e4stmine on igap\u00e4evane t\u00f6\u00f6, saadavad m\u00e4ngleva kergusega korda nii mentaalseid kui manuaalseid v\u00e4gitegusid. N\u00e4ib, et l\u00f5plikust v\u00f5idust lahutab neid eimiski, aga v\u00f5ta n\u00e4pust. Kurjuse telg ei kuiva kokku ja r\u00fcndab superagente sealt, kust viimased oodatagi ei oska&#8230; Lavastaja David Snowman (a.k.a. Priit P\u00e4rn, Kaspar Jancis, \u00dclo Pikkov ja Priit Tender). Helilooja Margo K\u00f5lar. N\u00e4itlejad Peeter Oja, Jan Uusp\u00f5ld, Janne \u0160evt\u0161enko, Andrus Vaarik, Anne Reemann, Eduard Toman, Tarmo M\u00e4nnard. Tootja Eesti Joonisfilm.<\/p>\n","protected":false},"excerpt":{"rendered":"ETV2 p\u00fchap\u00e4eva-\u00f5htune teema\u00f5htu on sel korral p\u00fchendatud animafilmire\u017eiss\u00f6\u00f6r Priit P\u00e4rnale, kes t\u00e4histab 26. augustil 80. s\u00fcnnip\u00e4eva. Kell 19.30&hellip;\n","protected":false},"author":2,"featured_media":258737,"comment_status":"","ping_status":"","sticky":false,"template":"","format":"standard","meta":{"footnotes":"","_share_on_mastodon":"0"},"categories":[85],"tags":[37,33,35,173,34,36,140,73567,222],"class_list":["post-258736","post","type-post","status-publish","format-standard","has-post-thumbnail","category-tv","tag-ee","tag-eesti","tag-eesti-keel","tag-entertainment","tag-estonia","tag-estonian","tag-meelelahutus","tag-priit-parn","tag-tv"],"share_on_mastodon":{"url":"https:\/\/pubeurope.com\/@ee\/117144712746020824","error":""},"_links":{"self":[{"href":"https:\/\/www.europesays.com\/ee\/wp-json\/wp\/v2\/posts\/258736","targetHints":{"allow":["GET"]}}],"collection":[{"href":"https:\/\/www.europesays.com\/ee\/wp-json\/wp\/v2\/posts"}],"about":[{"href":"https:\/\/www.europesays.com\/ee\/wp-json\/wp\/v2\/types\/post"}],"author":[{"embeddable":true,"href":"https:\/\/www.europesays.com\/ee\/wp-json\/wp\/v2\/users\/2"}],"replies":[{"embeddable":true,"href":"https:\/\/www.europesays.com\/ee\/wp-json\/wp\/v2\/comments?post=258736"}],"version-history":[{"count":0,"href":"https:\/\/www.europesays.com\/ee\/wp-json\/wp\/v2\/posts\/258736\/revisions"}],"wp:featuredmedia":[{"embeddable":true,"href":"https:\/\/www.europesays.com\/ee\/wp-json\/wp\/v2\/media\/258737"}],"wp:attachment":[{"href":"https:\/\/www.europesays.com\/ee\/wp-json\/wp\/v2\/media?parent=258736"}],"wp:term":[{"taxonomy":"category","embeddable":true,"href":"https:\/\/www.europesays.com\/ee\/wp-json\/wp\/v2\/categories?post=258736"},{"taxonomy":"post_tag","embeddable":true,"href":"https:\/\/www.europesays.com\/ee\/wp-json\/wp\/v2\/tags?post=258736"}],"curies":[{"name":"wp","href":"https:\/\/api.w.org\/{rel}","templated":true}]}}