{"id":258758,"date":"2026-08-23T12:28:30","date_gmt":"2026-08-23T12:28:30","guid":{"rendered":"https:\/\/www.europesays.com\/ee\/258758\/"},"modified":"2026-08-23T12:28:30","modified_gmt":"2026-08-23T12:28:30","slug":"euroopa-riigijuhid-nouavad-iisraelilt-asundusprojekti-peatamist-laanekaldal-valismaa","status":"publish","type":"post","link":"https:\/\/www.europesays.com\/ee\/258758\/","title":{"rendered":"Euroopa riigijuhid n\u00f5uavad Iisraelilt asundusprojekti peatamist L\u00e4\u00e4nekaldal | V\u00e4lismaa"},"content":{"rendered":"<p>Prantsusmaa, Saksamaa, Itaalia, Holland, \u00dchendkuningriik, Norra ja Kanada riigijuhid n\u00f5uavad Iisraelilt E1 asundusprojekti peatamist Jordani j\u00f5e L\u00e4\u00e4nekaldal.<\/p>\n<p>Iisrael kiitis eelmisel aastal heaks E1 plaani, mis eraldaks valdavalt palestiinlastega asustatud, kuid Iisraeli okupeeritud ja annekteeritud Ida-Jeruusalemma veelgi enam Jordani L\u00e4\u00e4nekaldast.<\/p>\n<p>Seitsme riigi, sealhulgas nelja Euroopa Liidu liikmesriigi juhid m\u00f5istsid L\u00e4\u00e4nekalda suurarenduse hukka. Nad kutsusid Iisraeli \u00fcles peatama laienemist okupeeritud Palestiina aladel, p\u00e4rast seda kui Iisraeli ametiv\u00f5imud kuulutasid piirkonnas v\u00e4lja hanke enam kui 1200 elamu ehitamiseks.<\/p>\n<p>&#8220;Ajal, mil L\u00e4\u00e4nekaldal valitseb s\u00fcgav ebastabiilsus, asunike v\u00e4givald tsiviilisikute vastu on enneolematult suur ning Palestiina majandusele on seatud ranged piirangud, teeb see otsus veelgi rohkem muret,&#8221; seisis \u00fchisavalduses, milles n\u00f5uti Iisraelilt nendest plaanidest viivitamatut taganemist ja asunduste laiendamise l\u00f5petamist L\u00e4\u00e4nekaldal.<\/p>\n<p>Ka \u00dcRO peasekret\u00e4r Ant\u00f3nio Guterres m\u00e4rkis, et E1 plaan kujutab territoriaalselt terviklikule Palestiina riigile eksistentsiaalset ohtu.<\/p>\n<p>Belgia v\u00e4lisminister Maxime Prevot nimetas neljap\u00e4eval hankeid vastuv\u00f5etamatuks, lisades, et projekt kahjustab t\u00f5siselt kahe riigi lahenduse teostatavust.<\/p>\n<p>Prevot&#8217; hukkam\u00f5istuga \u00fchines avalduses \u00dchendkuningriigi v\u00e4lisminister Ed Miliband, kes n\u00f5udis projekti ja L\u00e4\u00e4nekalda asunduste laiendamise peatamist. Lisaks kutsus London v\u00e4lja Iisraeli asjuri.<\/p>\n<p>Iisraeli v\u00e4lisminister: juudi rahval on \u00f5igus elada kogu Iisraeli maal<\/p>\n<p>Miliband m\u00e4rkis, et edastas s\u00f5numi otse Iisraeli v\u00e4lisminister Gideon Sa&#8217;arile.<\/p>\n<p>Sa&#8217;ar teatas neljap\u00e4eval, et l\u00fckkab Milibandi avalduse ja &#8220;tema s\u00f5nade \u00fcleoleva tooni kategooriliselt tagasi&#8221;.<\/p>\n<p>&#8220;Juudi rahval on \u00f5igus elada kogu Iisraeli maal, t\u00e4pselt nii nagu brittidel on \u00f5igus elada Londonis ja kogu \u00dchendkuningriigis,&#8221; kirjutas Sa&#8217;ar sotsiaalmeedias.<\/p>\n<p>Seej\u00e4rel s\u00fc\u00fcdistas Sa&#8217;ar \u00dchendkuningriiki selles, et too s\u00fc\u00fcdistab \u00fcksnes Iisraeli ja eirab Palestiina \u00e4\u00e4rmuslust, mis tema s\u00f5nul \u00f5hutab antisemiitlikke r\u00fcnnakuid Briti juudikogukonna vastu.<\/p>\n<p>&#8220;\u00dchendkuningriigi valitsuse otsus kahjustada meie riikide vahelisi suhteid on s\u00fcgavalt kahetsusv\u00e4\u00e4rne,&#8221; lisas ta ja kinnitas, et &#8220;Iisrael kaitseb oma \u00f5igusi, huve ja rahvast.&#8221;<\/p>\n<p>Iisrael kiitis Jeruusalemmast veidi ida poole j\u00e4\u00e4va, ligikaudu 12 ruutkilomeetri suuruse E1-nimelise maa-ala detailplaneeringud heaks eelmise aasta augustis.<\/p>\n<p>Plaan n\u00e4eb ette ehitada Jeruusalemma ja Iisraeli Maale Adumimi asunduse vahelisele maa-alale umbes 3400 elamut.<\/p>\n<p>Iisraeli vaba\u00fchenduse Peace Now andmetel h\u00f5lmab uusim hange enam kui 1200 elamu\u00fchikut. \u00dchenduse teatel avaldas Iisraeli elamumajandusministeerium hanke 18. augustil ja avas selle kohe pakkumiste tegemiseks. Pakkumiste esitamise t\u00e4htaeg on 19. oktoober \u2013 n\u00e4dal enne 27. oktoobrile kavandatud Iisraeli valimisi.<\/p>\n<p>Eelmisel aastal olid Suurbritannia ja Prantsusmaa 21 riigi seas, kes m\u00f5istsid E1 projekti heakskiitmise hukka, nimetades seda rahvusvahelise \u00f5iguse rikkumiseks ning kutsudes Iisraeli \u00fcles otsust tagasi v\u00f5tma.<\/p>\n<p>Kui Ida-Jeruusalemm v\u00e4lja arvata, elab Jordani L\u00e4\u00e4nekaldal umbes kolm miljonit palestiinlast. Lisaks elab seal ligikaudu 500 000 Iisraeli asunikku.<\/p>\n<p>Iisraeli asunike v\u00e4givald palestiinlaste vastu on \u00fcha kasvanud p\u00e4rast 2023. aasta 7. oktoobril toimunud Hamasi korraldatud r\u00fcnnakut Iisraelile. Terrorir\u00fcnnakus hukkus umbes 1200 inimest ning Gaza sektorisse viidi pantvangidena \u00fcle 250 inimest.\u00a0<\/p>\n<p>Iisraeli vastul\u00f6\u00f6gis Gazale hukkus kohalike v\u00f5imude andmetel \u00fcle 70 000 inimese.<\/p>\n","protected":false},"excerpt":{"rendered":"Prantsusmaa, Saksamaa, Itaalia, Holland, \u00dchendkuningriik, Norra ja Kanada riigijuhid n\u00f5uavad Iisraelilt E1 asundusprojekti peatamist Jordani j\u00f5e L\u00e4\u00e4nekaldal. Iisrael&hellip;\n","protected":false},"author":2,"featured_media":258759,"comment_status":"","ping_status":"","sticky":false,"template":"","format":"standard","meta":{"footnotes":"","_share_on_mastodon":"0"},"categories":[80],"tags":[26,27,100752,37,33,35,34,36,31,32,7013,21,1356,619,109,1554,100753,3493,28,29,95,19,1437,763,25,52,51,23,24,1038,22,20,30,92,93,94],"class_list":["post-258758","post","type-post","status-publish","format-standard","has-post-thumbnail","category-maailm","tag-breaking-news","tag-breakingnews","tag-e1","tag-ee","tag-eesti","tag-eesti-keel","tag-estonia","tag-estonian","tag-featured-news","tag-featurednews","tag-gideon-saar","tag-headlines","tag-holland","tag-iisrael","tag-itaalia","tag-kanada","tag-laanekalda-uusasunikud","tag-laanekallas","tag-latest-news","tag-latestnews","tag-maailm","tag-news","tag-norra","tag-palestiina","tag-populaarseimad-lood","tag-prantsusmaa","tag-saksamaa","tag-top-stories","tag-topstories","tag-uhendkuningriik","tag-uldised-uudised","tag-uudised","tag-viimased-uudised","tag-world","tag-world-news","tag-worldnews"],"share_on_mastodon":{"url":"","error":"Validation failed: Text character limit of 500 exceeded"},"_links":{"self":[{"href":"https:\/\/www.europesays.com\/ee\/wp-json\/wp\/v2\/posts\/258758","targetHints":{"allow":["GET"]}}],"collection":[{"href":"https:\/\/www.europesays.com\/ee\/wp-json\/wp\/v2\/posts"}],"about":[{"href":"https:\/\/www.europesays.com\/ee\/wp-json\/wp\/v2\/types\/post"}],"author":[{"embeddable":true,"href":"https:\/\/www.europesays.com\/ee\/wp-json\/wp\/v2\/users\/2"}],"replies":[{"embeddable":true,"href":"https:\/\/www.europesays.com\/ee\/wp-json\/wp\/v2\/comments?post=258758"}],"version-history":[{"count":0,"href":"https:\/\/www.europesays.com\/ee\/wp-json\/wp\/v2\/posts\/258758\/revisions"}],"wp:featuredmedia":[{"embeddable":true,"href":"https:\/\/www.europesays.com\/ee\/wp-json\/wp\/v2\/media\/258759"}],"wp:attachment":[{"href":"https:\/\/www.europesays.com\/ee\/wp-json\/wp\/v2\/media?parent=258758"}],"wp:term":[{"taxonomy":"category","embeddable":true,"href":"https:\/\/www.europesays.com\/ee\/wp-json\/wp\/v2\/categories?post=258758"},{"taxonomy":"post_tag","embeddable":true,"href":"https:\/\/www.europesays.com\/ee\/wp-json\/wp\/v2\/tags?post=258758"}],"curies":[{"name":"wp","href":"https:\/\/api.w.org\/{rel}","templated":true}]}}