{"id":258760,"date":"2026-08-23T12:37:15","date_gmt":"2026-08-23T12:37:15","guid":{"rendered":"https:\/\/www.europesays.com\/ee\/258760\/"},"modified":"2026-08-23T12:37:15","modified_gmt":"2026-08-23T12:37:15","slug":"ulevaade-naine-kes-hulgas-tom-cruisei-ana-de-armase-varvikirev-elu","status":"publish","type":"post","link":"https:\/\/www.europesays.com\/ee\/258760\/","title":{"rendered":"\u00dcLEVAADE | Naine, kes h\u00fclgas Tom Cruise\u2019i. Ana de Armase v\u00e4rvikirev elu"},"content":{"rendered":"<p><img decoding=\"async\" src=\"https:\/\/www.europesays.com\/ee\/wp-content\/uploads\/2026\/08\/6555d910-7ce6-11ec-ad15-1bf81c83ef3b.jpg\" loading=\"lazy\" alt=\"PUNASE VAIBA STAAR Kuubal Havannas \u00f5petajate peres s\u00fcndinud Ana de Armas on teinud Hollywoodis muljetavaldava karj\u00e4\u00e4ri. \"\/><\/p>\n<p>PUNASE VAIBA STAAR Kuubal Havannas \u00f5petajate peres s\u00fcndinud Ana de Armas on teinud Hollywoodis muljetavaldava karj\u00e4\u00e4ri. <\/p>\n<p>FOTO: Martin Harris\/Capital Pictureswww.capitalpictures.com| Scanpix<\/p>\n<p><a rel=\"noopener nofollow\" target=\"_blank\" href=\"https:\/\/www.delfi.ee\/teema\/56815020\/kuuba\" tag-id=\"56815020\">Kuubalt<\/a> p\u00e4rit Hollywoodi t\u00e4he <a rel=\"noopener nofollow\" target=\"_blank\" href=\"https:\/\/www.delfi.ee\/teema\/95713863\/ana-de-armas\" tag-id=\"95713863\">Ana de Armase<\/a> asemel soovinuks l\u00e4inud aastal olla miljonid kaunitarid \u00fcle ilma. Ana de Armas veetis siis \u00fcheksa kuud romantiliselt aega superstaar <a rel=\"noopener nofollow\" target=\"_blank\" href=\"https:\/\/www.delfi.ee\/teema\/33\/tom-cruise\" tag-id=\"33\">Tom Cruise<\/a>`i seltsis, kuid t\u00f5mbas suhtele joone alla suuresti p\u00f5hjusel, et see muutus tema jaoks liiga kiiresti t\u00f5siseks ja ta tundis end seet\u00f5ttu ebamugavalt&#8230;<\/p>\n","protected":false},"excerpt":{"rendered":"PUNASE VAIBA STAAR Kuubal Havannas \u00f5petajate peres s\u00fcndinud Ana de Armas on teinud Hollywoodis muljetavaldava karj\u00e4\u00e4ri. FOTO: Martin&hellip;\n","protected":false},"author":2,"featured_media":258761,"comment_status":"","ping_status":"","sticky":false,"template":"","format":"standard","meta":{"footnotes":"","_share_on_mastodon":"0"},"categories":[16],"tags":[20572,37,33,35,173,34,36,3345,140,8121],"class_list":["post-258760","post","type-post","status-publish","format-standard","has-post-thumbnail","category-meelelahutus","tag-ana-de-armas","tag-ee","tag-eesti","tag-eesti-keel","tag-entertainment","tag-estonia","tag-estonian","tag-kuuba","tag-meelelahutus","tag-tom-cruise"],"share_on_mastodon":{"url":"https:\/\/pubeurope.com\/@ee\/117144862776733838","error":""},"_links":{"self":[{"href":"https:\/\/www.europesays.com\/ee\/wp-json\/wp\/v2\/posts\/258760","targetHints":{"allow":["GET"]}}],"collection":[{"href":"https:\/\/www.europesays.com\/ee\/wp-json\/wp\/v2\/posts"}],"about":[{"href":"https:\/\/www.europesays.com\/ee\/wp-json\/wp\/v2\/types\/post"}],"author":[{"embeddable":true,"href":"https:\/\/www.europesays.com\/ee\/wp-json\/wp\/v2\/users\/2"}],"replies":[{"embeddable":true,"href":"https:\/\/www.europesays.com\/ee\/wp-json\/wp\/v2\/comments?post=258760"}],"version-history":[{"count":0,"href":"https:\/\/www.europesays.com\/ee\/wp-json\/wp\/v2\/posts\/258760\/revisions"}],"wp:featuredmedia":[{"embeddable":true,"href":"https:\/\/www.europesays.com\/ee\/wp-json\/wp\/v2\/media\/258761"}],"wp:attachment":[{"href":"https:\/\/www.europesays.com\/ee\/wp-json\/wp\/v2\/media?parent=258760"}],"wp:term":[{"taxonomy":"category","embeddable":true,"href":"https:\/\/www.europesays.com\/ee\/wp-json\/wp\/v2\/categories?post=258760"},{"taxonomy":"post_tag","embeddable":true,"href":"https:\/\/www.europesays.com\/ee\/wp-json\/wp\/v2\/tags?post=258760"}],"curies":[{"name":"wp","href":"https:\/\/api.w.org\/{rel}","templated":true}]}}