{"id":258806,"date":"2026-08-23T13:44:11","date_gmt":"2026-08-23T13:44:11","guid":{"rendered":"https:\/\/www.europesays.com\/ee\/258806\/"},"modified":"2026-08-23T13:44:11","modified_gmt":"2026-08-23T13:44:11","slug":"video-%e2%9f%a9-verstappen-soitis-kodusel-f1-etapil-auto-pilbasteks-voistlus-katkestati-punase-lipuga","status":"publish","type":"post","link":"https:\/\/www.europesays.com\/ee\/258806\/","title":{"rendered":"VIDEO \u27e9 Verstappen s\u00f5itis kodusel F1 etapil auto pilbasteks, v\u00f5istlus katkestati punase lipuga"},"content":{"rendered":"<p>F1-sarja etapp Hollandis Zandvoortis algas pauguga, kui kodupubliku kangelane Max Verstappen (Red Bull) s\u00f5itis avaringi viimases kurvis rajapiiretesse, l\u00f5hkus oma vormeli ning v\u00f5istlus peatati punase lipuga enam kui 20 minutiks.<\/p>\n<p>Kuu aega kestnud F1 suvepuhkus l\u00f5ppes sel n\u00e4dalal 12. etapiga Hollandis Zandvoortis. Tegemist on neljakordse maailmameistri Verstappeni koduv\u00f5istlusega, mis kuulub F1 kalendrisse viimast korda.<\/p>\n","protected":false},"excerpt":{"rendered":"F1-sarja etapp Hollandis Zandvoortis algas pauguga, kui kodupubliku kangelane Max Verstappen (Red Bull) s\u00f5itis avaringi viimases kurvis rajapiiretesse,&hellip;\n","protected":false},"author":2,"featured_media":258807,"comment_status":"","ping_status":"","sticky":false,"template":"","format":"standard","meta":{"footnotes":"","_share_on_mastodon":"0"},"categories":[18],"tags":[37,33,35,34,36,586,159,158],"class_list":["post-258806","post","type-post","status-publish","format-standard","has-post-thumbnail","category-sport","tag-ee","tag-eesti","tag-eesti-keel","tag-estonia","tag-estonian","tag-max-verstappen","tag-sport","tag-sports"],"share_on_mastodon":{"url":"https:\/\/pubeurope.com\/@ee\/117145125953053964","error":""},"_links":{"self":[{"href":"https:\/\/www.europesays.com\/ee\/wp-json\/wp\/v2\/posts\/258806","targetHints":{"allow":["GET"]}}],"collection":[{"href":"https:\/\/www.europesays.com\/ee\/wp-json\/wp\/v2\/posts"}],"about":[{"href":"https:\/\/www.europesays.com\/ee\/wp-json\/wp\/v2\/types\/post"}],"author":[{"embeddable":true,"href":"https:\/\/www.europesays.com\/ee\/wp-json\/wp\/v2\/users\/2"}],"replies":[{"embeddable":true,"href":"https:\/\/www.europesays.com\/ee\/wp-json\/wp\/v2\/comments?post=258806"}],"version-history":[{"count":0,"href":"https:\/\/www.europesays.com\/ee\/wp-json\/wp\/v2\/posts\/258806\/revisions"}],"wp:featuredmedia":[{"embeddable":true,"href":"https:\/\/www.europesays.com\/ee\/wp-json\/wp\/v2\/media\/258807"}],"wp:attachment":[{"href":"https:\/\/www.europesays.com\/ee\/wp-json\/wp\/v2\/media?parent=258806"}],"wp:term":[{"taxonomy":"category","embeddable":true,"href":"https:\/\/www.europesays.com\/ee\/wp-json\/wp\/v2\/categories?post=258806"},{"taxonomy":"post_tag","embeddable":true,"href":"https:\/\/www.europesays.com\/ee\/wp-json\/wp\/v2\/tags?post=258806"}],"curies":[{"name":"wp","href":"https:\/\/api.w.org\/{rel}","templated":true}]}}