{"id":258900,"date":"2026-08-23T16:29:12","date_gmt":"2026-08-23T16:29:12","guid":{"rendered":"https:\/\/www.europesays.com\/ee\/258900\/"},"modified":"2026-08-23T16:29:12","modified_gmt":"2026-08-23T16:29:12","slug":"imemees-pogacar-alustas-vueltat-voidu-ja-kolmanda-kohaga","status":"publish","type":"post","link":"https:\/\/www.europesays.com\/ee\/258900\/","title":{"rendered":"Imemees Poga\u010dar alustas Vueltat v\u00f5idu ja kolmanda kohaga"},"content":{"rendered":"<p><a rel=\"noopener nofollow\" target=\"_blank\" href=\"https:\/\/www.delfi.ee\/teema\/96856852\/vuelta-1\" tag-id=\"96856852\">Vuelta<\/a> algas Monaco t\u00e4navatel s\u00f5idetud 9-kilomeetrise eraldistardiga, kus n\u00e4itas v\u00f5imu tuuri suursoosik Tadej Poga\u010dar (UAE Team Emirates XRG), kes sai sellega enda selga liidri punase s\u00e4rgi.<\/p>\n<p>Sel suvel Tour de France\u2019i v\u00f5itnud sloveenile j\u00e4rgnesid laup\u00e4eval kolm britti, sest teine oli Ethan Hayter (Soudal\u2013Quick-Step), kolmas Josh Tarling (INEOS Grenadiers) ja neljas Callum Thornley (Red Bull\u2013Bora\u2013Hansgrohe). T\u00f5si, vahed olid \u00fcsna v\u00e4ikesed, sest neli paremat mahtusid viie ja 20 paremat 20 sekundi sisse.<\/p>\n<p>P\u00fchap\u00e4eval oli kavas 215-kilomeetrine Monaco\u2013Manosque\u2019i etapp, kus oli enim pildis Hayter. 27-aastane britt l\u00e4ks p\u00fc\u00fcdma tuuri punast liidris\u00e4rki, sest s\u00e4ttis end etapi alguses jooksikute sekka, kuid peagi j\u00e4i ta \u00fcksi ning l\u00f5pu eel p\u00fc\u00fcdis peagrupp ta kinni.<\/p>\n<p>Poga\u010dar l\u00f5petas ka teisel etapil poodiumil<\/p>\n<p>Kaks kilomeetrit enne l\u00f5ppu n\u00f5elas teravalt Wout van Aert (Visma\u2013Lease a Bike), kellega l\u00e4ks kaasa Poga\u010dar, kuid peagrupp vedas nad tagasi. Grupifini\u0161is n\u00e4itas k\u00f5ige teravamat jalga 21-aastane Matthew Brennan (Visma\u2013Lease a Bike), kellele j\u00e4rgnesid Pau Miquel (Bahrain Victorious) ja kuidagi ikka esikohaheitlusesse j\u00e4\u00e4nud Poga\u010dar (UAE Team Emirates XRG).<\/p>\n<p>Tadej Poga\u010dar on kahe etapi j\u00e4rel tuuri liider, talle j\u00e4rgnevad van Aert (+9), Brennan (+10), L\u00e9o Bisiaux (+12; Decathlon CMA CGM Team), Finn Fisher-Black (+14; Red Bull\u2013Bora\u2013Hansgrohe) ja Stefan K\u00fcng (+18; Tudor Pro Cycling Team).<\/p>\n<p>Ajaloos on kaheksa meest v\u00f5itnud k\u00f5ik kolm suurtuuri, viimati liitus selle seltskonnaga taanlane Jonas Vingegaard. Nende ratturite sekka tahab t\u00f5usta ka Poga\u010dar, kes on Tour de France\u2019i v\u00f5itnud viis ja Giro d\u2019Italia \u00fche korra, kuid Vueltal on ta osalenud vaid korra, kui j\u00e4i 2019. aastal kolmandaks.<\/p>\n<p>Kuidas see lugu Sind end tundma pani?Saada<a href=\"https:\/\/sport.delfi.ee\/artikkel\/120605526\/imemees-pogacar-alustas-vueltat-voidu-ja-kolmanda-kohaga\/kommentaarid\" class=\"button button--primary button--size-auto article-body-bottom__comment article-body-bottom__comment--write\" style=\"\" rel=\"nofollow noopener\" target=\"_blank\">Kommenteeri<\/a><a href=\"https:\/\/sport.delfi.ee\/artikkel\/120605526\/imemees-pogacar-alustas-vueltat-voidu-ja-kolmanda-kohaga\/kommentaarid\" class=\"button button--size-auto article-body-bottom__comment article-body-bottom__comment--read\" style=\"\" rel=\"nofollow noopener\" target=\"_blank\">Loe kommentaare (1)<\/a><\/p>\n","protected":false},"excerpt":{"rendered":"Vuelta algas Monaco t\u00e4navatel s\u00f5idetud 9-kilomeetrise eraldistardiga, kus n\u00e4itas v\u00f5imu tuuri suursoosik Tadej Poga\u010dar (UAE Team Emirates XRG),&hellip;\n","protected":false},"author":2,"featured_media":258901,"comment_status":"","ping_status":"","sticky":false,"template":"","format":"standard","meta":{"footnotes":"","_share_on_mastodon":"0"},"categories":[18],"tags":[37,33,35,34,36,159,158,5382,2477],"class_list":["post-258900","post","type-post","status-publish","format-standard","has-post-thumbnail","category-sport","tag-ee","tag-eesti","tag-eesti-keel","tag-estonia","tag-estonian","tag-sport","tag-sports","tag-tadej-pogacar","tag-vuelta"],"share_on_mastodon":{"url":"https:\/\/pubeurope.com\/@ee\/117145774699322894","error":""},"_links":{"self":[{"href":"https:\/\/www.europesays.com\/ee\/wp-json\/wp\/v2\/posts\/258900","targetHints":{"allow":["GET"]}}],"collection":[{"href":"https:\/\/www.europesays.com\/ee\/wp-json\/wp\/v2\/posts"}],"about":[{"href":"https:\/\/www.europesays.com\/ee\/wp-json\/wp\/v2\/types\/post"}],"author":[{"embeddable":true,"href":"https:\/\/www.europesays.com\/ee\/wp-json\/wp\/v2\/users\/2"}],"replies":[{"embeddable":true,"href":"https:\/\/www.europesays.com\/ee\/wp-json\/wp\/v2\/comments?post=258900"}],"version-history":[{"count":0,"href":"https:\/\/www.europesays.com\/ee\/wp-json\/wp\/v2\/posts\/258900\/revisions"}],"wp:featuredmedia":[{"embeddable":true,"href":"https:\/\/www.europesays.com\/ee\/wp-json\/wp\/v2\/media\/258901"}],"wp:attachment":[{"href":"https:\/\/www.europesays.com\/ee\/wp-json\/wp\/v2\/media?parent=258900"}],"wp:term":[{"taxonomy":"category","embeddable":true,"href":"https:\/\/www.europesays.com\/ee\/wp-json\/wp\/v2\/categories?post=258900"},{"taxonomy":"post_tag","embeddable":true,"href":"https:\/\/www.europesays.com\/ee\/wp-json\/wp\/v2\/tags?post=258900"}],"curies":[{"name":"wp","href":"https:\/\/api.w.org\/{rel}","templated":true}]}}