{"id":258906,"date":"2026-08-23T16:40:11","date_gmt":"2026-08-23T16:40:11","guid":{"rendered":"https:\/\/www.europesays.com\/ee\/258906\/"},"modified":"2026-08-23T16:40:11","modified_gmt":"2026-08-23T16:40:11","slug":"kait-debuutvaravast-nagin-ruumi-ja-motlesin-et-miks-mitte-proovida-jarvelaid-varavatest-jai-puudu-soccernet-ee","status":"publish","type":"post","link":"https:\/\/www.europesays.com\/ee\/258906\/","title":{"rendered":"K\u00e4it deb\u00fc\u00fctv\u00e4ravast: n\u00e4gin ruumi ja m\u00f5tlesin, et miks mitte proovida? (J\u00e4rvelaid: v\u00e4ravatest j\u00e4i puudu) &#8211; Soccernet.ee"},"content":{"rendered":"<p><img decoding=\"async\" src=\"https:\/\/www.europesays.com\/ee\/wp-content\/uploads\/2026\/08\/1787499349.jpeg\" alt=\"Kristofer K\u00e4it l\u00f5i Premium liigas esmakordselt v\u00e4rava. Foto: Liisi Troska \/ jalgpall.ee\"\/>&#13;\n<\/p>\n<p>Paide Linnameeskonna eest esimese m\u00e4ngu pidanud ja v\u00e4rava l\u00f6\u00f6miseks alla poole tunni vajanud Kristofer K\u00e4it s\u00f5nastas lihtsa edu valemi &#8211; tuleb peale l\u00fc\u00fca!<\/p>\n<p>&#8220;L\u00f5in oma \u00e4ra, mis mul muud \u00f6elda on!&#8221; lausus rahulolev K\u00e4it avav\u00e4ravat kommenteerides Soccernet.ee otse-eetris. &#8220;N\u00e4gin ja r\u00fcndasin ruumi. S\u00f6\u00f6duvariandid olid, aga m\u00f5tlesin &#8211; miks mitte proovida? Proovisin ja nii ta tuli. Teisel poolajal hakkasime peale l\u00f6\u00f6ma. Esimesel j\u00f5udsime kasti, aga pealel\u00f6\u00f6ke ei tulnud.&#8221;&#13;\n<\/p>\n<p>Paide ei saa pikalt hinge t\u00f5mmata, sest juba kolmap\u00e4eval ootab ees Tipneri karikav\u00f5istluste 1\/16 finaal Premium liiga liidri Tallinna FCI Levadiaga. &#8220;L\u00e4heme v\u00f5itma! Aga me l\u00e4heme muidugi iga m\u00e4ngu v\u00f5itma, see on meie ainus eesm\u00e4rk,&#8221; lausus K\u00e4it.&#13;\n<\/p>\n<p>Unitedi kaitsja Henri J\u00e4rvelaid nentis, et tabloo ei valeta. &#8220;Nemad l\u00f5id oma v\u00f5imalused \u00e4ra, meie ei suutnud. Meil olid momendid, et neile pinge peale panna, aga t\u00e4na see ei \u00f5nnestunud. Nii ongi. L\u00fchidalt &#8211; v\u00e4ravatest j\u00e4i puudu! Avapoolajal j\u00e4tsime \u00e4\u00e4rtesse liiga palju ruumi, ei liikunud viiese liiniga piisavalt \u00fcle ja nad tekitasid kaks \u00fche vastu olukordi. Said tsenderdusi, iseenesest ohtlikuks ei kujunenud. \u00dcritasime m\u00e4ngu lihtsana hoida,&#8221; s\u00f5nas J\u00e4rvelaid.&#13;\n<\/p>\n<p>K\u00fcsimus, mida positiivset m\u00e4ngust kaasa v\u00f5tta, v\u00f5ttis J\u00e4rvelaiu ohkama. &#8220;Raske. Neli v\u00e4ravat lasime, punane kaart &#8230; Kui midagi, siis see, et suudame momente tekitada. N\u00fc\u00fcd on vaja lihtsalt need sisse l\u00fc\u00fca! Hooaja alguses suutsime seda, viimasel ajal h\u00e4sti ei ole suutnud. Millestki j\u00e4\u00e4b puudu. Kaitses me ei ole kahjuks kunagi hiilanud, tuleb l\u00fc\u00fca rohkem kui vastased. Eks tuleb korrektuurid teha!&#8221;<\/p>\n<p>J\u00e4rgmises voorus ootab Unitedit ees \u00fclit\u00e4htis kohtumine Harju JK Laagriga, kes on neist tabelis praegu kolme punkti v\u00f5rra eespool. J\u00e4rvelaid ei tahtnud hakata m\u00e4nge olulisteks ja ebaolulisteks liigitama. &#8220;See liiga on n\u00e4idanud, et k\u00f5ik v\u00f5tavad k\u00f5igilt punkte ja me l\u00e4heme ka igale m\u00e4ngule nii,&#8221; s\u00f5nas ta.                         <\/p>\n","protected":false},"excerpt":{"rendered":"&#13; Paide Linnameeskonna eest esimese m\u00e4ngu pidanud ja v\u00e4rava l\u00f6\u00f6miseks alla poole tunni vajanud Kristofer K\u00e4it s\u00f5nastas lihtsa&hellip;\n","protected":false},"author":2,"featured_media":258907,"comment_status":"","ping_status":"","sticky":false,"template":"","format":"standard","meta":{"footnotes":"","_share_on_mastodon":"0"},"categories":[18],"tags":[37,33,35,34,36,13972,13973,6576,6577,1813,907,501,159,158,2331],"class_list":["post-258906","post","type-post","status-publish","format-standard","has-post-thumbnail","category-sport","tag-ee","tag-eesti","tag-eesti-keel","tag-estonia","tag-estonian","tag-henri-jarvelaid","tag-jarvelaid","tag-kait","tag-kristofer-kait","tag-nomme-united","tag-paide","tag-paide-linnameeskond","tag-sport","tag-sports","tag-united"],"share_on_mastodon":{"url":"https:\/\/pubeurope.com\/@ee\/117145818173358745","error":""},"_links":{"self":[{"href":"https:\/\/www.europesays.com\/ee\/wp-json\/wp\/v2\/posts\/258906","targetHints":{"allow":["GET"]}}],"collection":[{"href":"https:\/\/www.europesays.com\/ee\/wp-json\/wp\/v2\/posts"}],"about":[{"href":"https:\/\/www.europesays.com\/ee\/wp-json\/wp\/v2\/types\/post"}],"author":[{"embeddable":true,"href":"https:\/\/www.europesays.com\/ee\/wp-json\/wp\/v2\/users\/2"}],"replies":[{"embeddable":true,"href":"https:\/\/www.europesays.com\/ee\/wp-json\/wp\/v2\/comments?post=258906"}],"version-history":[{"count":0,"href":"https:\/\/www.europesays.com\/ee\/wp-json\/wp\/v2\/posts\/258906\/revisions"}],"wp:featuredmedia":[{"embeddable":true,"href":"https:\/\/www.europesays.com\/ee\/wp-json\/wp\/v2\/media\/258907"}],"wp:attachment":[{"href":"https:\/\/www.europesays.com\/ee\/wp-json\/wp\/v2\/media?parent=258906"}],"wp:term":[{"taxonomy":"category","embeddable":true,"href":"https:\/\/www.europesays.com\/ee\/wp-json\/wp\/v2\/categories?post=258906"},{"taxonomy":"post_tag","embeddable":true,"href":"https:\/\/www.europesays.com\/ee\/wp-json\/wp\/v2\/tags?post=258906"}],"curies":[{"name":"wp","href":"https:\/\/api.w.org\/{rel}","templated":true}]}}