{"id":258914,"date":"2026-08-23T16:54:25","date_gmt":"2026-08-23T16:54:25","guid":{"rendered":"https:\/\/www.europesays.com\/ee\/258914\/"},"modified":"2026-08-23T16:54:25","modified_gmt":"2026-08-23T16:54:25","slug":"tsahkna-venemaa-katse-taastada-oma-mojusfaari-on-maaratud-labikukkumisele","status":"publish","type":"post","link":"https:\/\/www.europesays.com\/ee\/258914\/","title":{"rendered":"Tsahkna: Venemaa katse taastada oma m\u00f5jusf\u00e4\u00e4ri on m\u00e4\u00e4ratud l\u00e4bikukkumisele"},"content":{"rendered":"<p>Molotovi-Ribbentropi pakti s\u00f5lmimise 87. aastap\u00e4eval teatas v\u00e4lisminister Margus Tsahkna, et Venemaa ei ole loobunud oma soovist kujundada Euroopa piire vastavalt oma imperialistlikele ambitsioonidele, kuid nii nagu kukkus l\u00e4bi N\u00f5ukogude Liidu katse Molotovi-Ribbentropi pakti abil Euroopa j\u00f5udude vahekorda \u00fcmber kujundada, kukub l\u00e4bi ka Venemaa praegune katse taastada oma m\u00f5jusf\u00e4\u00e4ri. Sellest teatab BNS.<\/p>\n<p>N\u00f5ukogude Liidu ja Natsistliku Saksamaa vahel s\u00f5lmitud Molotovi-Ribbentropi pakti salajane lisaprotokoll jagas Euroopa kaheks m\u00f5jusf\u00e4\u00e4riks ja sillutas tee s\u00f5ltumatute riikide okupeerimisele. Tsahkna meenutas, et see valelikul ja k\u00fc\u00fcnilisel geopoliitikal p\u00f5hinev pakt pani aluse Balti riikide peaaegu viiek\u00fcmneaastasele okupatsioonile, samuti k\u00fcmnete tuhandete inimeste represseerimisele, k\u00fc\u00fcditamisele ja vangistamisele.<\/p>\n<p>\u201eEhkki 37 aastat tagasi \u00f5nnestus meil \u201eBalti keti\u201c abil paljastada salaprotokolli olemasolu ja taastada oma s\u00f5ltumatus, on repressioonide tagaj\u00e4rjed seni tunda peaaegu igas Eesti peres. T\u00e4na, Molotovi-Ribbentropi pakti ohvrite m\u00e4lestusp\u00e4eval, meenutame k\u00f5iki neid inimesi Eestis ja v\u00e4ljaspool seda, kes pidid taluma totalitaarsete ja autoritaarsete re\u017eiimide julmi kuritegusid,\u201c vahendab Tsahkna s\u00f5nu v\u00e4lisministeeriumi pressiteenistus. Ministri arvates ei ole Venemaa \u00fcheksa aastak\u00fcmne jooksul oma k\u00e4itumist muutnud.<\/p>\n<p>\u201eVenemaa p\u00fc\u00fcab endiselt t\u00f5mmata Euroopa kaardile piire vastavalt oma imperialistlikele ambitsioonidele. Tema suutmatus aktsepteerida N\u00f5ukogude Liidu lagunemist ja kommunistliku idaploki kokkuvarisemist on t\u00e4nase Ukraina-vastase agressioonis\u00f5ja peamine p\u00f5hjus,\u201c m\u00e4rkis Tsahkna. \u201eKuid nii nagu kukkus l\u00e4bi N\u00f5ukogude Liidu katse muuta Molotovi-Ribbentropi pakti salaprotokolli alusel igaveseks Euroopa j\u00f5udude vahekorda, kukub l\u00e4bi ka Venemaa praegune katse taastada oma m\u00f5jusf\u00e4\u00e4ri.\u201c<\/p>\n<p>Tsahkna s\u00f5nul seisab Ukraina Venemaa agressioonile vastu erakordse meisterlikkuse ja sitkusega. \u201eS\u00f5jaline eroperatsioon\u201c on muutunud kulukaks viieaastaseks s\u00f5jaks. Lahinguv\u00e4ljal on tekkinud patiseis ja viimastel kuudel on Ukraina, andes s\u00fcva\u00f6\u00f6ke Venemaa kriitilisele infrastruktuurile, saanud m\u00e4rkimisv\u00e4\u00e4rse strateegilise impulsi.<\/p>\n<p>\u201eSamal ajal on rahvusvahelised sanktsioonid hakanud avaldama tegelikku m\u00f5ju. Venemaa majandus on surve all ning sise-pinged kasvavad, mis paneb Putini j\u00e4rjest rohkem n\u00e4rvitsema. Kuni Moskva ei loobu oma eesm\u00e4rkidest, on meie \u00fclesanne tagada rahvusvahelise isolatsiooni s\u00e4ilimine ja Ukraina toetamise vankumatus,\u201c \u00fctles Tsahkna, r\u00f5hutades seejuures, et agressioon kordub, kui sellele ei j\u00e4rgne selgeid tagaj\u00e4rgi.<\/p>\n<p>\u201eMe peame \u00fchtse rindena seisma selle eest, et need, kes p\u00fc\u00fcavad j\u00f5uga purustada rahu ja realiseerida oma ambitsioone, saaksid teenitud karistuse. Rahvusvahelised kuriteod toovad endaga kaasa paratamatu vastutuse,\u201c hoiatas Tsahkna.<\/p>\n","protected":false},"excerpt":{"rendered":"Molotovi-Ribbentropi pakti s\u00f5lmimise 87. aastap\u00e4eval teatas v\u00e4lisminister Margus Tsahkna, et Venemaa ei ole loobunud oma soovist kujundada Euroopa&hellip;\n","protected":false},"author":2,"featured_media":258915,"comment_status":"","ping_status":"","sticky":false,"template":"","format":"standard","meta":{"footnotes":"","_share_on_mastodon":"0"},"categories":[12],"tags":[26,27,37,33,35,34,36,31,32,21,28,29,19,25,3738,32647,23,24,262,22,20,84293,96,30],"class_list":["post-258914","post","type-post","status-publish","format-standard","has-post-thumbnail","category-eesti","tag-breaking-news","tag-breakingnews","tag-ee","tag-eesti","tag-eesti-keel","tag-estonia","tag-estonian","tag-featured-news","tag-featurednews","tag-headlines","tag-latest-news","tag-latestnews","tag-news","tag-populaarseimad-lood","tag-putin","tag-rahvusvahelised-sanktsioonid","tag-top-stories","tag-topstories","tag-ukraina","tag-uldised-uudised","tag-uudised","tag-valisminister-margus-tsahkna","tag-venemaa","tag-viimased-uudised"],"share_on_mastodon":{"url":"https:\/\/pubeurope.com\/@ee\/117145872845366432","error":""},"_links":{"self":[{"href":"https:\/\/www.europesays.com\/ee\/wp-json\/wp\/v2\/posts\/258914","targetHints":{"allow":["GET"]}}],"collection":[{"href":"https:\/\/www.europesays.com\/ee\/wp-json\/wp\/v2\/posts"}],"about":[{"href":"https:\/\/www.europesays.com\/ee\/wp-json\/wp\/v2\/types\/post"}],"author":[{"embeddable":true,"href":"https:\/\/www.europesays.com\/ee\/wp-json\/wp\/v2\/users\/2"}],"replies":[{"embeddable":true,"href":"https:\/\/www.europesays.com\/ee\/wp-json\/wp\/v2\/comments?post=258914"}],"version-history":[{"count":0,"href":"https:\/\/www.europesays.com\/ee\/wp-json\/wp\/v2\/posts\/258914\/revisions"}],"wp:featuredmedia":[{"embeddable":true,"href":"https:\/\/www.europesays.com\/ee\/wp-json\/wp\/v2\/media\/258915"}],"wp:attachment":[{"href":"https:\/\/www.europesays.com\/ee\/wp-json\/wp\/v2\/media?parent=258914"}],"wp:term":[{"taxonomy":"category","embeddable":true,"href":"https:\/\/www.europesays.com\/ee\/wp-json\/wp\/v2\/categories?post=258914"},{"taxonomy":"post_tag","embeddable":true,"href":"https:\/\/www.europesays.com\/ee\/wp-json\/wp\/v2\/tags?post=258914"}],"curies":[{"name":"wp","href":"https:\/\/api.w.org\/{rel}","templated":true}]}}